{"id":8915,"date":"2022-01-12T18:50:39","date_gmt":"2022-01-12T18:50:39","guid":{"rendered":"http:\/\/cl.abstracta.us\/blog\/?p=8915"},"modified":"2022-04-26T00:57:45","modified_gmt":"2022-04-26T00:57:45","slug":"reconvertite-programa-fomento-igualdad-genero-mundo-ti","status":"publish","type":"post","link":"https:\/\/es.abstracta.us\/blog\/reconvertite-programa-fomento-igualdad-genero-mundo-ti\/","title":{"rendered":"ReconverTIte, un programa que fomenta la igualdad de g\u00e9nero en el mundo IT"},"content":{"rendered":"\n<h3 class=\"wp-block-heading\">Abogadas, contadoras, nutricionistas, dise\u00f1adoras y m\u00e1s. Ellas son la primera generaci\u00f3n de graduadas de ReconverTite. El 70% ya ha accedido a oportunidades laborales relacionadas con la tecnolog\u00eda.<\/h3>\n\n\n\n<figure class=\"wp-block-image size-large\"><img loading=\"lazy\" decoding=\"async\" width=\"896\" height=\"596\" src=\"https:\/\/cl.abstracta.us\/wp-content\/uploads\/2022\/01\/reconvertite-programa-fomento-igualdad-genero-mundo-it.png\" alt=\"\" class=\"wp-image-8917\" srcset=\"https:\/\/es.abstracta.us\/wp-content\/uploads\/2022\/01\/reconvertite-programa-fomento-igualdad-genero-mundo-it.png 896w, https:\/\/es.abstracta.us\/wp-content\/uploads\/2022\/01\/reconvertite-programa-fomento-igualdad-genero-mundo-it-300x200.png 300w, https:\/\/es.abstracta.us\/wp-content\/uploads\/2022\/01\/reconvertite-programa-fomento-igualdad-genero-mundo-it-768x511.png 768w\" sizes=\"(max-width: 896px) 100vw, 896px\" \/><\/figure>\n\n\n\n<p>Disfrutamos mucho de aportar todo nuestro conocimiento en testing y ser l\u00edderes en lo que respecta a la calidad de software, pero estamos insertos en una sociedad que requiere un compromiso social fuerte para evolucionar. Y nos resulta imposible conformarnos con eso.<\/p>\n\n\n\n<p>Por ello, siempre vamos por m\u00e1s.<strong> A trav\u00e9s del testing, contribuimos al desarrollo comunitario para mejorar la calidad de vida de las personas.<\/strong> \u00bfC\u00f3mo lo hacemos? Mediante m\u00faltiples caminos, que miran hacia adentro y afuera de Abstracta. <strong>Un gran ejemplo de esto es ReconverTite<\/strong>, una iniciativa que valoramos intensamente y que apunta hacia ese lugar.<\/p>\n\n\n\n<p>Se trata de <strong>un programa <\/strong>que<strong> capacita en testing a mujeres que residen en el interior de Uruguay y les acerca nuevas oportunidades laborales<\/strong>. Es un proyecto que nos llena de orgullo, que <strong>busca aumentar el empleo y reducir la brecha de g\u00e9nero en tecnolog\u00eda a la vez.<\/strong><\/p>\n\n\n\n<p>Seg\u00fan datos que se desprenden de un <a href=\"https:\/\/www.ine.gub.uy\/documents\/10181\/30865\/ECH+Empleo+Octubre+2021\/331707aa-33ed-4a19-a83a-1120951f4a04\" target=\"_blank\" rel=\"noreferrer noopener\">informe<\/a> reciente del Instituto Nacional de Estad\u00edsticas (INE), <strong>las mujeres son las m\u00e1s afectadas en relaci\u00f3n al desempleo en Uruguay<\/strong>. Sin dudas, la problem\u00e1tica es a\u00fan mucho m\u00e1s profunda en el interior.<\/p>\n\n\n\n<p>Sumado a esto, la brecha de g\u00e9nero a\u00fan es muy grande. <strong>\u201cDe cada 10 personas trabajando en IT, 3 son mujeres\u201d,<\/strong> <a href=\"https:\/\/www.reconvertite.uy\/que-es\" target=\"_blank\" rel=\"noreferrer noopener\">aseguran<\/a> desde la p\u00e1gina oficial del programa. Adem\u00e1s, refieren que \u201cel nivel de desempleo de las mujeres en el interior del pa\u00eds es mayor que en la capital\u201d, y que en la ciudad de Salto el desempleo de ellas llega a duplicar al de los hombres.<\/p>\n\n\n\n<h2 class=\"wp-block-heading\">Una respuesta ante la realidad<\/h2>\n\n\n\n<p>En 2015, abrimos nuestra oficina en Salto y el contacto diario con la gente de la localidad nos llev\u00f3 a compenetrarnos con su realidad. Comprendimos la inaplazable necesidad de empoderar a las mujeres y nos aventuramos a ello, mediante la capacitaci\u00f3n y reconversi\u00f3n laboral a la industria de la tecnolog\u00eda.<\/p>\n\n\n\n<p>En 2018 comenzamos a idear ReconverTite, y a fines de a\u00f1o <strong>nos postulamos a un llamado de \u201cProyecto de Innovaci\u00f3n Inclusiva\u201d de la Agencia Nacional de Investigaci\u00f3n e Innovaci\u00f3n <\/strong>(ANII). Obtuvimos su apoyo muy r\u00e1pidamente, y en 2019 nos pusimos manos a la obra.&nbsp;<\/p>\n\n\n\n<p>Luego de conformar un maravilloso equipo de trabajo, en marzo lanzamos la convocatoria, dirigida a mujeres residentes en el interior del pa\u00eds. Gratamente, se postularon m\u00e1s de 184 personas, pero solo hab\u00eda cupo para 10.&nbsp;<\/p>\n\n\n\n<p>Analizamos CVs e hicimos entrevistas, se valor\u00f3 el conocimiento en ingl\u00e9s y tecnolog\u00eda. El proceso de selecci\u00f3n fue duro, quer\u00edamos que todas pudieran ser parte desde el minuto 1, pero afortunadamente fue solo el inicio de un gran proyecto.<\/p>\n\n\n\n<h3 class=\"wp-block-heading\">\u00a1Arrancamos!<\/h3>\n\n\n\n<p>Para iniciar, <strong>capacitamos en testing a las 10 participantes en Abstracta Academy,<\/strong> de manera totalmente gratuita. Realizamos sesiones de mentoreo y ofrecimos m\u00faltiples talleres complementarios sobre habilidades interpersonales.<\/p>\n\n\n\n<p>A su vez, generamos instancias de networking y contacto con la comunidad, para realizar intercambios sobre reconversi\u00f3n tecnol\u00f3gica y diferentes tem\u00e1ticas relacionadas.<\/p>\n\n\n\n<div class=\"wp-block-image\"><figure class=\"aligncenter size-large\"><img loading=\"lazy\" decoding=\"async\" width=\"855\" height=\"566\" src=\"https:\/\/cl.abstracta.us\/wp-content\/uploads\/2022\/01\/reconvertite-iniciativa-abstracta-reconversion-tecnologica.png\" alt=\"\" class=\"wp-image-8919\" srcset=\"https:\/\/es.abstracta.us\/wp-content\/uploads\/2022\/01\/reconvertite-iniciativa-abstracta-reconversion-tecnologica.png 855w, https:\/\/es.abstracta.us\/wp-content\/uploads\/2022\/01\/reconvertite-iniciativa-abstracta-reconversion-tecnologica-300x199.png 300w, https:\/\/es.abstracta.us\/wp-content\/uploads\/2022\/01\/reconvertite-iniciativa-abstracta-reconversion-tecnologica-768x508.png 768w\" sizes=\"(max-width: 855px) 100vw, 855px\" \/><figcaption><em>ReconverTite fue un antes y despu\u00e9s para Abstracta y nuestra forma de ver el mundo IT<\/em><\/figcaption><\/figure><\/div>\n\n\n\n<p>El curso dur\u00f3 4 meses, luego de lo cual las participantes fueron certificadas como Software Testers. En ese momento, comenzamos el acompa\u00f1amiento personalizado para su inserci\u00f3n laboral.<\/p>\n\n\n\n<p>Es un orgullo decir que<strong> las 10 se graduaron y que m\u00e1s del 70% ya tuvieron oportunidades laborales relacionadas con el mundo de la tecnolog\u00eda. <\/strong>&nbsp;<\/p>\n\n\n\n<h2 class=\"wp-block-heading\">\u00bfC\u00f3mo lo logramos?<\/h2>\n\n\n\n<p>Parte fundamental de la presentaci\u00f3n de ReconverTIte como Proyecto de Innovaci\u00f3n Inclusiva ante la ANII fue el <strong>desarrollo de ReconverTIte App<\/strong>, una herramienta que utiliza la inteligencia artificial y &#8220;machea&#8221; oportunidades laborales remotas en testing de software entre empresas y personas que se adaptan a sus perfiles.<\/p>\n\n\n\n<p>Tambi\u00e9n comenzamos a ofrecer servicios de testing exclusivamente ejecutados por ellas:<strong> las empresas hoy pueden elegir contratarlas directamente o hacerlo mediante ReconverTIte<\/strong>, a su preferencia.&nbsp;&nbsp;<\/p>\n\n\n\n<h3 class=\"wp-block-heading\">En 1.\u00aa persona<\/h3>\n\n\n\n<p>Dentro de la 1era generaci\u00f3n de ReconverTite, tenemos estudiantes de psicolog\u00eda y comunicaci\u00f3n; una nutricionista, una dise\u00f1adora de indumentaria, una licenciada en matem\u00e1tica y una t\u00e9cnica en administraci\u00f3n, adem\u00e1s de contadoras y abogadas. Son perfiles muy variados de personas que se hallaban en busca de nuevas oportunidades para poder trabajar de modo remoto, sin la necesidad de tener que mudarse de Salto.<\/p>\n\n\n\n<p>\u201cA medida que fueron pasando los meses en ReconverTIte, pude ver que como contadora puedo aportar mucho en el rol de tester. A partir de que acept\u00e9 la primera oportunidad, todas las semanas me aparecen nuevos proyectos que dependiendo de mis tiempos los acepto o no\u201d, relata Mariana, que fue parte de la primera generaci\u00f3n de graduadas.<\/p>\n\n\n\n<p>Por su lado, Milagros es nutricionista y tiempo atr\u00e1s hab\u00eda decidido dejar su trabajo para disfrutar de su familia. Con el tiempo, se interes\u00f3 por el mundo de la tecnolog\u00eda y fue parte de las graduadas de ReconverTite.&nbsp;<\/p>\n\n\n\n<p>\u201cFue un a\u00f1o s\u00faper productivo de mucho aprendizaje\u201d, enfatiza. Y destaca: \u201cActualmente estoy trabajando para una empresa de EEUU, realizo pruebas funcionales de p\u00e1ginas web o aplicaciones relacionadas con medicina. Lo hago desde mi oficina o desde mi casa de forma remota\u201d.<\/p>\n\n\n\n<h2 class=\"wp-block-heading\">Mirando para adelante<\/h2>\n\n\n\n<p>La capacitaci\u00f3n de estas 10 valientes mujeres ha sido solo el comienzo de ReconverTite. A partir de all\u00ed, <strong>abrimos la posibilidad de capacitaci\u00f3n gratuita a las familias de todas las personas que trabajan en Abstracta<\/strong>, y la mayor\u00eda de las que lo realizan son mujeres. Tambi\u00e9n comenzamos a acompa\u00f1ar en la inserci\u00f3n laboral a todas las que se grad\u00faan de Abstracta Academy.&nbsp;<\/p>\n\n\n\n<p>Adem\u00e1s, continuamos con los encuentros mensuales abiertos a la comunidad y realizamos campa\u00f1as de sensibilizaci\u00f3n sobre la tem\u00e1tica.&nbsp;<\/p>\n\n\n\n<p>El programa nos llena de orgullo y fue uno de los pilares por los cuales este a\u00f1o obtuvimos el primer lugar en la categor\u00eda Empresa Nacional en Uruguay de los premios <a href=\"https:\/\/cl.abstracta.us\/blog\/reconocimiento-el-talento-no-tiene-genero\/\" target=\"_blank\" rel=\"noreferrer noopener\">\u201cEl talento no tiene g\u00e9nero\u201d<\/a>, sumado a nuestra adhesi\u00f3n a los Principios de Empoderamiento de las Mujeres (WEPs), de ONU Mujeres y del Pacto Global de las Naciones Unidas. Abrimos muchas puertas a futuro, y actualmente <strong>estamos planificando realizar una nueva convocatoria de ReconverTite<\/strong>. Las tecnolog\u00edas de la informaci\u00f3n est\u00e1n creciendo a pasos agigantados en Uruguay y son un espacio clave para fomentar la igualdad de g\u00e9nero. Para seguir mirando hacia adelante y construyendo una sociedad m\u00e1s justa, con igualdad de oportunidades para todas las personas.<\/p>\n\n\n\n<p>\u00a1Sigue a ReconverTIte en <a href=\"https:\/\/www.linkedin.com\/company\/reconvertiteuy\/\" target=\"_blank\" rel=\"noreferrer noopener\">LinkedIn<\/a>, <a href=\"https:\/\/twitter.com\/reconverTIteUY\" target=\"_blank\" rel=\"noreferrer noopener\">Twitter<\/a>, <a href=\"https:\/\/www.instagram.com\/reconvertiteuy\/\" target=\"_blank\" rel=\"noreferrer noopener\">Instagram<\/a> y <a href=\"https:\/\/www.youtube.com\/channel\/UCBsRp6o4Av_bJnUXZQjPnIg\" target=\"_blank\" rel=\"noreferrer noopener\">Youtube<\/a> para ser estar al tanto de sus novedades!<\/p>\n\n\n\n<hr class=\"wp-block-separator is-style-wide\"\/>\n\n\n\n<h3 class=\"wp-block-heading\">Otros contenidos relacionados<\/h3>\n\n\n\n<p><a href=\"https:\/\/cl.abstracta.us\/blog\/medidas-empresariales-igualdad-genero\/\" target=\"_blank\" rel=\"noreferrer noopener\">Medidas para promover la Igualdad de G\u00e9nero \u2013 Nuestra ruta<\/a><\/p>\n\n\n\n<p><a href=\"https:\/\/cl.abstracta.us\/blog\/cultura-abstractera-nuestro-intangible-mas-valioso\/\" target=\"_blank\" rel=\"noreferrer noopener\">Cultura abstractera, nuestro intangible m\u00e1s valioso<\/a><\/p>\n\n\n\n<p><a href=\"https:\/\/cl.abstracta.us\/blog\/abstracta-empresa-global-diversa-multicultural\/\" target=\"_blank\" rel=\"noreferrer noopener\">Nuestra fuerza est\u00e1 en la diversidad<\/a><\/p>\n\n\n\n<p><!-- Go to www.addthis.com\/dashboard to customize your tools --><script src=\"\/\/s7.addthis.com\/js\/300\/addthis_widget.js#pubid=ra-58d80a50fc4f926d\" type=\"text\/javascript\"><\/script<\/script><\/p>\n","protected":false},"excerpt":{"rendered":"<p>Abogadas, contadoras, nutricionistas, dise\u00f1adoras y m\u00e1s. Ellas son la primera generaci\u00f3n de graduadas de ReconverTite. El 70% ya ha accedido a oportunidades laborales relacionadas con la tecnolog\u00eda.<\/p>\n","protected":false},"author":25,"featured_media":8928,"comment_status":"open","ping_status":"open","sticky":false,"template":"","format":"standard","meta":{"footnotes":""},"categories":[6,168],"tags":[162,156,141,155,145,131,17,152],"class_list":["post-8915","post","type-post","status-publish","format-standard","has-post-thumbnail","hentry","category-cultura","category-tecnologia","tag-equidad-de-genero","tag-ti","tag-quality-engineering","tag-reconversion-laboral-ti","tag-tecnologia","tag-testers","tag-testing-software","tag-transformacion-digital"],"yoast_head":"<!-- This site is optimized with the Yoast SEO plugin v19.13 - https:\/\/yoast.com\/wordpress\/plugins\/seo\/ -->\n<title>ReconverTIte, un programa que fomenta la igualdad de g\u00e9nero en el mundo IT<\/title>\n<meta name=\"description\" content=\"Abogadas, contadoras, nutricionistas, dise\u00f1adoras y m\u00e1s. Ellas son la primera generaci\u00f3n de graduadas de ReconverTite. El 70% ya ha accedido a oportunidades laborales relacionadas con la tecnolog\u00eda.\" \/>\n<meta name=\"robots\" content=\"index, follow, max-snippet:-1, max-image-preview:large, max-video-preview:-1\" \/>\n<link rel=\"canonical\" href=\"https:\/\/es.abstracta.us\/blog\/reconvertite-programa-fomento-igualdad-genero-mundo-ti\/\" \/>\n<meta property=\"og:locale\" content=\"es_ES\" \/>\n<meta property=\"og:type\" content=\"article\" \/>\n<meta property=\"og:title\" content=\"ReconverTIte, un programa que fomenta la igualdad de g\u00e9nero en el mundo IT\" \/>\n<meta property=\"og:description\" content=\"Abogadas, contadoras, nutricionistas, dise\u00f1adoras y m\u00e1s. Ellas son la primera generaci\u00f3n de graduadas de ReconverTite. El 70% ya ha accedido a oportunidades laborales relacionadas con la tecnolog\u00eda.\" \/>\n<meta property=\"og:url\" content=\"https:\/\/es.abstracta.us\/blog\/reconvertite-programa-fomento-igualdad-genero-mundo-ti\/\" \/>\n<meta property=\"og:site_name\" content=\"Blog de Desarrollo de Software, Testing e Inteligencia Artificial | Abstracta\" \/>\n<meta property=\"article:publisher\" content=\"https:\/\/www.facebook.com\/AbstractaChile\/\" \/>\n<meta property=\"article:published_time\" content=\"2022-01-12T18:50:39+00:00\" \/>\n<meta property=\"article:modified_time\" content=\"2022-04-26T00:57:45+00:00\" \/>\n<meta property=\"og:image\" content=\"https:\/\/es.abstracta.us\/wp-content\/uploads\/2022\/01\/reconvertite-programa-igualdad-genero-mundo-ti.png\" \/>\n\t<meta property=\"og:image:width\" content=\"1920\" \/>\n\t<meta property=\"og:image:height\" content=\"1080\" \/>\n\t<meta property=\"og:image:type\" content=\"image\/png\" \/>\n<meta name=\"author\" content=\"Vera Babat, Chief Cultural Officer &amp; AI Enablement Lead at Abstracta\" \/>\n<meta name=\"twitter:card\" content=\"summary_large_image\" \/>\n<meta name=\"twitter:creator\" content=\"@AbstractaChile\" \/>\n<meta name=\"twitter:site\" content=\"@AbstractaChile\" \/>\n<meta name=\"twitter:label1\" content=\"Written by\" \/>\n\t<meta name=\"twitter:data1\" content=\"Vera Babat, Chief Cultural Officer &amp; AI Enablement Lead at Abstracta\" \/>\n\t<meta name=\"twitter:label2\" content=\"Est. reading time\" \/>\n\t<meta name=\"twitter:data2\" content=\"6 minutos\" \/>\n<script type=\"application\/ld+json\" class=\"yoast-schema-graph\">{\"@context\":\"https:\/\/schema.org\",\"@graph\":[{\"@type\":\"Article\",\"@id\":\"https:\/\/es.abstracta.us\/blog\/reconvertite-programa-fomento-igualdad-genero-mundo-ti\/#article\",\"isPartOf\":{\"@id\":\"https:\/\/es.abstracta.us\/blog\/reconvertite-programa-fomento-igualdad-genero-mundo-ti\/\"},\"author\":{\"name\":\"Vera Babat, Chief Cultural Officer &amp; AI Enablement Lead at Abstracta\",\"@id\":\"https:\/\/es.abstracta.us\/blog\/#\/schema\/person\/47745b8a2f95c721ebfca492b11edadf\"},\"headline\":\"ReconverTIte, un programa que fomenta la igualdad de g\u00e9nero en el mundo IT\",\"datePublished\":\"2022-01-12T18:50:39+00:00\",\"dateModified\":\"2022-04-26T00:57:45+00:00\",\"mainEntityOfPage\":{\"@id\":\"https:\/\/es.abstracta.us\/blog\/reconvertite-programa-fomento-igualdad-genero-mundo-ti\/\"},\"wordCount\":1183,\"commentCount\":0,\"publisher\":{\"@id\":\"https:\/\/es.abstracta.us\/blog\/#organization\"},\"keywords\":[\"Equidad de G\u00e9nero\",\"Industria TI\",\"Quality Engineering\",\"Reconversi\u00f3n laboral a TI\",\"Tecnolog\u00eda\",\"Testers\",\"Testing de Software\",\"Transformaci\u00f3n Digital\"],\"articleSection\":[\"Cultura\",\"Tecnolog\u00eda\"],\"inLanguage\":\"es-CL\",\"potentialAction\":[{\"@type\":\"CommentAction\",\"name\":\"Comment\",\"target\":[\"https:\/\/es.abstracta.us\/blog\/reconvertite-programa-fomento-igualdad-genero-mundo-ti\/#respond\"]}]},{\"@type\":\"WebPage\",\"@id\":\"https:\/\/es.abstracta.us\/blog\/reconvertite-programa-fomento-igualdad-genero-mundo-ti\/\",\"url\":\"https:\/\/es.abstracta.us\/blog\/reconvertite-programa-fomento-igualdad-genero-mundo-ti\/\",\"name\":\"ReconverTIte, un programa que fomenta la igualdad de g\u00e9nero en el mundo IT\",\"isPartOf\":{\"@id\":\"https:\/\/es.abstracta.us\/blog\/#website\"},\"datePublished\":\"2022-01-12T18:50:39+00:00\",\"dateModified\":\"2022-04-26T00:57:45+00:00\",\"description\":\"Abogadas, contadoras, nutricionistas, dise\u00f1adoras y m\u00e1s. Ellas son la primera generaci\u00f3n de graduadas de ReconverTite. El 70% ya ha accedido a oportunidades laborales relacionadas con la tecnolog\u00eda.\",\"breadcrumb\":{\"@id\":\"https:\/\/es.abstracta.us\/blog\/reconvertite-programa-fomento-igualdad-genero-mundo-ti\/#breadcrumb\"},\"inLanguage\":\"es-CL\",\"potentialAction\":[{\"@type\":\"ReadAction\",\"target\":[\"https:\/\/es.abstracta.us\/blog\/reconvertite-programa-fomento-igualdad-genero-mundo-ti\/\"]}]},{\"@type\":\"BreadcrumbList\",\"@id\":\"https:\/\/es.abstracta.us\/blog\/reconvertite-programa-fomento-igualdad-genero-mundo-ti\/#breadcrumb\",\"itemListElement\":[{\"@type\":\"ListItem\",\"position\":1,\"name\":\"Home\",\"item\":\"https:\/\/es.abstracta.us\/blog\/\"},{\"@type\":\"ListItem\",\"position\":2,\"name\":\"ReconverTIte, un programa que fomenta la igualdad de g\u00e9nero en el mundo IT\"}]},{\"@type\":\"WebSite\",\"@id\":\"https:\/\/es.abstracta.us\/blog\/#website\",\"url\":\"https:\/\/es.abstracta.us\/blog\/\",\"name\":\"Abstracta\",\"description\":\"Recursos, buenas pr\u00e1cticas, tendencias y rese\u00f1as de herramientas de desarrollo de software, testing e Inteligencia Artificial.\",\"publisher\":{\"@id\":\"https:\/\/es.abstracta.us\/blog\/#organization\"},\"potentialAction\":[{\"@type\":\"SearchAction\",\"target\":{\"@type\":\"EntryPoint\",\"urlTemplate\":\"https:\/\/es.abstracta.us\/blog\/?s={search_term_string}\"},\"query-input\":\"required name=search_term_string\"}],\"inLanguage\":\"es-CL\"},{\"@type\":\"Organization\",\"@id\":\"https:\/\/es.abstracta.us\/blog\/#organization\",\"name\":\"Abstracta\",\"url\":\"https:\/\/es.abstracta.us\/blog\/\",\"logo\":{\"@type\":\"ImageObject\",\"inLanguage\":\"es-CL\",\"@id\":\"https:\/\/es.abstracta.us\/blog\/#\/schema\/logo\/image\/\",\"url\":\"https:\/\/es.abstracta.us\/wp-content\/uploads\/2024\/03\/abstracta-logo.png\",\"contentUrl\":\"https:\/\/es.abstracta.us\/wp-content\/uploads\/2024\/03\/abstracta-logo.png\",\"width\":1217,\"height\":300,\"caption\":\"Abstracta\"},\"image\":{\"@id\":\"https:\/\/es.abstracta.us\/blog\/#\/schema\/logo\/image\/\"},\"sameAs\":[\"https:\/\/www.instagram.com\/we_are_abstracta\/\",\"https:\/\/www.linkedin.com\/showcase\/abstracta-chile\/\",\"https:\/\/www.youtube.com\/channel\/UCj4dx2LZCRcgM8GzxYEKYeQ\",\"https:\/\/www.facebook.com\/AbstractaChile\/\",\"https:\/\/twitter.com\/AbstractaChile\"]},{\"@type\":\"Person\",\"@id\":\"https:\/\/es.abstracta.us\/blog\/#\/schema\/person\/47745b8a2f95c721ebfca492b11edadf\",\"name\":\"Vera Babat, Chief Cultural Officer &amp; AI Enablement Lead at Abstracta\",\"image\":{\"@type\":\"ImageObject\",\"inLanguage\":\"es-CL\",\"@id\":\"https:\/\/es.abstracta.us\/blog\/#\/schema\/person\/image\/\",\"url\":\"https:\/\/secure.gravatar.com\/avatar\/cb46e53531297d2e74f6c7e36802d4a5?s=96&d=mm&r=g\",\"contentUrl\":\"https:\/\/secure.gravatar.com\/avatar\/cb46e53531297d2e74f6c7e36802d4a5?s=96&d=mm&r=g\",\"caption\":\"Vera Babat, Chief Cultural Officer &amp; AI Enablement Lead at Abstracta\"},\"description\":\"Chief Culture Officer en Abstracta\",\"sameAs\":[\"http:\/\/cl.abstracta.us\",\"https:\/\/www.linkedin.com\/in\/vera-babat\/\"],\"url\":\"https:\/\/es.abstracta.us\/blog\/author\/vera-babat\/\"}]}<\/script>\n<!-- \/ Yoast SEO plugin. -->","yoast_head_json":{"title":"ReconverTIte, un programa que fomenta la igualdad de g\u00e9nero en el mundo IT","description":"Abogadas, contadoras, nutricionistas, dise\u00f1adoras y m\u00e1s. Ellas son la primera generaci\u00f3n de graduadas de ReconverTite. El 70% ya ha accedido a oportunidades laborales relacionadas con la tecnolog\u00eda.","robots":{"index":"index","follow":"follow","max-snippet":"max-snippet:-1","max-image-preview":"max-image-preview:large","max-video-preview":"max-video-preview:-1"},"canonical":"https:\/\/es.abstracta.us\/blog\/reconvertite-programa-fomento-igualdad-genero-mundo-ti\/","og_locale":"es_ES","og_type":"article","og_title":"ReconverTIte, un programa que fomenta la igualdad de g\u00e9nero en el mundo IT","og_description":"Abogadas, contadoras, nutricionistas, dise\u00f1adoras y m\u00e1s. Ellas son la primera generaci\u00f3n de graduadas de ReconverTite. El 70% ya ha accedido a oportunidades laborales relacionadas con la tecnolog\u00eda.","og_url":"https:\/\/es.abstracta.us\/blog\/reconvertite-programa-fomento-igualdad-genero-mundo-ti\/","og_site_name":"Blog de Desarrollo de Software, Testing e Inteligencia Artificial | Abstracta","article_publisher":"https:\/\/www.facebook.com\/AbstractaChile\/","article_published_time":"2022-01-12T18:50:39+00:00","article_modified_time":"2022-04-26T00:57:45+00:00","og_image":[{"width":1920,"height":1080,"url":"https:\/\/es.abstracta.us\/wp-content\/uploads\/2022\/01\/reconvertite-programa-igualdad-genero-mundo-ti.png","type":"image\/png"}],"author":"Vera Babat, Chief Cultural Officer &amp; AI Enablement Lead at Abstracta","twitter_card":"summary_large_image","twitter_creator":"@AbstractaChile","twitter_site":"@AbstractaChile","twitter_misc":{"Written by":"Vera Babat, Chief Cultural Officer &amp; AI Enablement Lead at Abstracta","Est. reading time":"6 minutos"},"schema":{"@context":"https:\/\/schema.org","@graph":[{"@type":"Article","@id":"https:\/\/es.abstracta.us\/blog\/reconvertite-programa-fomento-igualdad-genero-mundo-ti\/#article","isPartOf":{"@id":"https:\/\/es.abstracta.us\/blog\/reconvertite-programa-fomento-igualdad-genero-mundo-ti\/"},"author":{"name":"Vera Babat, Chief Cultural Officer &amp; AI Enablement Lead at Abstracta","@id":"https:\/\/es.abstracta.us\/blog\/#\/schema\/person\/47745b8a2f95c721ebfca492b11edadf"},"headline":"ReconverTIte, un programa que fomenta la igualdad de g\u00e9nero en el mundo IT","datePublished":"2022-01-12T18:50:39+00:00","dateModified":"2022-04-26T00:57:45+00:00","mainEntityOfPage":{"@id":"https:\/\/es.abstracta.us\/blog\/reconvertite-programa-fomento-igualdad-genero-mundo-ti\/"},"wordCount":1183,"commentCount":0,"publisher":{"@id":"https:\/\/es.abstracta.us\/blog\/#organization"},"keywords":["Equidad de G\u00e9nero","Industria TI","Quality Engineering","Reconversi\u00f3n laboral a TI","Tecnolog\u00eda","Testers","Testing de Software","Transformaci\u00f3n Digital"],"articleSection":["Cultura","Tecnolog\u00eda"],"inLanguage":"es-CL","potentialAction":[{"@type":"CommentAction","name":"Comment","target":["https:\/\/es.abstracta.us\/blog\/reconvertite-programa-fomento-igualdad-genero-mundo-ti\/#respond"]}]},{"@type":"WebPage","@id":"https:\/\/es.abstracta.us\/blog\/reconvertite-programa-fomento-igualdad-genero-mundo-ti\/","url":"https:\/\/es.abstracta.us\/blog\/reconvertite-programa-fomento-igualdad-genero-mundo-ti\/","name":"ReconverTIte, un programa que fomenta la igualdad de g\u00e9nero en el mundo IT","isPartOf":{"@id":"https:\/\/es.abstracta.us\/blog\/#website"},"datePublished":"2022-01-12T18:50:39+00:00","dateModified":"2022-04-26T00:57:45+00:00","description":"Abogadas, contadoras, nutricionistas, dise\u00f1adoras y m\u00e1s. Ellas son la primera generaci\u00f3n de graduadas de ReconverTite. El 70% ya ha accedido a oportunidades laborales relacionadas con la tecnolog\u00eda.","breadcrumb":{"@id":"https:\/\/es.abstracta.us\/blog\/reconvertite-programa-fomento-igualdad-genero-mundo-ti\/#breadcrumb"},"inLanguage":"es-CL","potentialAction":[{"@type":"ReadAction","target":["https:\/\/es.abstracta.us\/blog\/reconvertite-programa-fomento-igualdad-genero-mundo-ti\/"]}]},{"@type":"BreadcrumbList","@id":"https:\/\/es.abstracta.us\/blog\/reconvertite-programa-fomento-igualdad-genero-mundo-ti\/#breadcrumb","itemListElement":[{"@type":"ListItem","position":1,"name":"Home","item":"https:\/\/es.abstracta.us\/blog\/"},{"@type":"ListItem","position":2,"name":"ReconverTIte, un programa que fomenta la igualdad de g\u00e9nero en el mundo IT"}]},{"@type":"WebSite","@id":"https:\/\/es.abstracta.us\/blog\/#website","url":"https:\/\/es.abstracta.us\/blog\/","name":"Abstracta","description":"Recursos, buenas pr\u00e1cticas, tendencias y rese\u00f1as de herramientas de desarrollo de software, testing e Inteligencia Artificial.","publisher":{"@id":"https:\/\/es.abstracta.us\/blog\/#organization"},"potentialAction":[{"@type":"SearchAction","target":{"@type":"EntryPoint","urlTemplate":"https:\/\/es.abstracta.us\/blog\/?s={search_term_string}"},"query-input":"required name=search_term_string"}],"inLanguage":"es-CL"},{"@type":"Organization","@id":"https:\/\/es.abstracta.us\/blog\/#organization","name":"Abstracta","url":"https:\/\/es.abstracta.us\/blog\/","logo":{"@type":"ImageObject","inLanguage":"es-CL","@id":"https:\/\/es.abstracta.us\/blog\/#\/schema\/logo\/image\/","url":"https:\/\/es.abstracta.us\/wp-content\/uploads\/2024\/03\/abstracta-logo.png","contentUrl":"https:\/\/es.abstracta.us\/wp-content\/uploads\/2024\/03\/abstracta-logo.png","width":1217,"height":300,"caption":"Abstracta"},"image":{"@id":"https:\/\/es.abstracta.us\/blog\/#\/schema\/logo\/image\/"},"sameAs":["https:\/\/www.instagram.com\/we_are_abstracta\/","https:\/\/www.linkedin.com\/showcase\/abstracta-chile\/","https:\/\/www.youtube.com\/channel\/UCj4dx2LZCRcgM8GzxYEKYeQ","https:\/\/www.facebook.com\/AbstractaChile\/","https:\/\/twitter.com\/AbstractaChile"]},{"@type":"Person","@id":"https:\/\/es.abstracta.us\/blog\/#\/schema\/person\/47745b8a2f95c721ebfca492b11edadf","name":"Vera Babat, Chief Cultural Officer &amp; AI Enablement Lead at Abstracta","image":{"@type":"ImageObject","inLanguage":"es-CL","@id":"https:\/\/es.abstracta.us\/blog\/#\/schema\/person\/image\/","url":"https:\/\/secure.gravatar.com\/avatar\/cb46e53531297d2e74f6c7e36802d4a5?s=96&d=mm&r=g","contentUrl":"https:\/\/secure.gravatar.com\/avatar\/cb46e53531297d2e74f6c7e36802d4a5?s=96&d=mm&r=g","caption":"Vera Babat, Chief Cultural Officer &amp; AI Enablement Lead at Abstracta"},"description":"Chief Culture Officer en Abstracta","sameAs":["http:\/\/cl.abstracta.us","https:\/\/www.linkedin.com\/in\/vera-babat\/"],"url":"https:\/\/es.abstracta.us\/blog\/author\/vera-babat\/"}]}},"jetpack_featured_media_url":"https:\/\/es.abstracta.us\/wp-content\/uploads\/2022\/01\/reconvertite-programa-igualdad-genero-mundo-ti.png","_links":{"self":[{"href":"https:\/\/es.abstracta.us\/blog\/wp-json\/wp\/v2\/posts\/8915"}],"collection":[{"href":"https:\/\/es.abstracta.us\/blog\/wp-json\/wp\/v2\/posts"}],"about":[{"href":"https:\/\/es.abstracta.us\/blog\/wp-json\/wp\/v2\/types\/post"}],"author":[{"embeddable":true,"href":"https:\/\/es.abstracta.us\/blog\/wp-json\/wp\/v2\/users\/25"}],"replies":[{"embeddable":true,"href":"https:\/\/es.abstracta.us\/blog\/wp-json\/wp\/v2\/comments?post=8915"}],"version-history":[{"count":7,"href":"https:\/\/es.abstracta.us\/blog\/wp-json\/wp\/v2\/posts\/8915\/revisions"}],"predecessor-version":[{"id":10891,"href":"https:\/\/es.abstracta.us\/blog\/wp-json\/wp\/v2\/posts\/8915\/revisions\/10891"}],"wp:featuredmedia":[{"embeddable":true,"href":"https:\/\/es.abstracta.us\/blog\/wp-json\/wp\/v2\/media\/8928"}],"wp:attachment":[{"href":"https:\/\/es.abstracta.us\/blog\/wp-json\/wp\/v2\/media?parent=8915"}],"wp:term":[{"taxonomy":"category","embeddable":true,"href":"https:\/\/es.abstracta.us\/blog\/wp-json\/wp\/v2\/categories?post=8915"},{"taxonomy":"post_tag","embeddable":true,"href":"https:\/\/es.abstracta.us\/blog\/wp-json\/wp\/v2\/tags?post=8915"}],"curies":[{"name":"wp","href":"https:\/\/api.w.org\/{rel}","templated":true}]}}