{"id":6574,"date":"2021-06-04T03:22:27","date_gmt":"2021-06-04T07:22:27","guid":{"rendered":"http:\/\/cl.abstracta.us\/blog\/?p=6574"},"modified":"2024-02-15T17:26:06","modified_gmt":"2024-02-15T20:26:06","slug":"dia-mujer-ingenieria-inwed-2021","status":"publish","type":"post","link":"https:\/\/es.abstracta.us\/blog\/dia-mujer-ingenieria-inwed-2021\/","title":{"rendered":"D\u00eda internacional de la mujer en ingenier\u00eda"},"content":{"rendered":"\n<h3 class=\"wp-block-heading\">Celebramos el aporte de las mujeres a la ciencia, junto a ingenieras de diferentes \u00e1reas de estudio de Chile y Uruguay.<\/h3>\n\n\n\n<p>El rol de la ciencia, la tecnolog\u00eda, la ingenier\u00eda y la matem\u00e1tica (STEM, por sus siglas en ingl\u00e9s) ha sido fundamental a lo largo de los a\u00f1os. En efecto, las ingenier\u00edas son una de las \u00e1reas de estudio con mayor demanda en el mundo.<\/p>\n\n\n\n<p>Pese a los fuertes estereotipos asociados al g\u00e9nero en esta \u00e1rea, una mayor presencia femenina en las carreras de ingenier\u00eda es sin duda un importante desaf\u00edo no solo para avanzar en diversidad e inclusi\u00f3n, sino tambi\u00e9n para potenciar el desarrollo de todos los pa\u00edses, a trav\u00e9s de un trabajo permanente por alcanzar los Objetivos de Desarrollo Sostenible (<a href=\"https:\/\/www.un.org\/sustainabledevelopment\/es\/objetivos-de-desarrollo-sostenible\/\" target=\"_blank\" rel=\"noreferrer noopener\">ODS<\/a>).<\/p>\n\n\n\n<p><strong>En Abstracta creemos que el futuro de la ingenier\u00eda se puede construir en igualdad de condiciones y oportunidades para mujeres y hombres, para que puedan seguir creciendo y desarroll\u00e1ndose<\/strong>.<\/p>\n\n\n\n<p>Desde 2019 somos parte de la red de Empresas <a href=\"https:\/\/eltalentonotienegenero.uy\/principios-weps\/\" target=\"_blank\" rel=\"noreferrer noopener\">WEPs<\/a>, y tomamos los principios para el empoderamiento de la mujer como nuestro norte guiando nuestras acciones y pol\u00edticas, pues sabemos que el sector empresarial y de TI, cuenta con una fuerte impronta masculina en \u00e9l, a nivel local y global.<\/p>\n\n\n\n<p>En este contexto, nos impulsa que muchas ni\u00f1as, j\u00f3venes y mujeres puedan ver a la ingenier\u00eda como una opci\u00f3n para su propio proyecto de vida, por lo que el pasado 23 de Junio de 2021 realizamos un conversatorio online y gratuito para celebrar el D\u00eda Internacional de la Mujer en Ingenier\u00eda, organizado por la comunidad <a href=\"http:\/\/bit.ly\/qa-testing-chile\" target=\"_blank\" rel=\"noreferrer noopener\">QA &amp; Testing Chile<\/a>, <a href=\"https:\/\/bit.ly\/Abstracta-Tech-Talks\" target=\"_blank\" rel=\"noreferrer noopener\">Abstracta Tech Talks<\/a> y <a href=\"https:\/\/www.reconvertite.uy\/\" target=\"_blank\" rel=\"noreferrer noopener\">ReconverTIte<\/a> &#8211; Mujeres en Testing, encuentro en el que ahondaremos m\u00e1s adelante.<\/p>\n\n\n\n<p>Primero, veamos el origen de este importante d\u00eda y porqu\u00e9 es una ciencia vital en nuestras vidas.<\/p>\n\n\n\n<h2 class=\"wp-block-heading\">La Ingenier\u00eda y su impacto en nuestra vida<\/h2>\n\n\n\n<div class=\"wp-block-image is-style-default\"><figure class=\"alignleft size-medium is-resized\"><img loading=\"lazy\" decoding=\"async\" src=\"https:\/\/cl.abstracta.us\/wp-content\/uploads\/2021\/06\/1502792970_218899_1502818329_album_normal-238x300.jpg\" alt=\"\" class=\"wp-image-6624\" width=\"379\" height=\"477\" srcset=\"https:\/\/es.abstracta.us\/wp-content\/uploads\/2021\/06\/1502792970_218899_1502818329_album_normal-238x300.jpg 238w, https:\/\/es.abstracta.us\/wp-content\/uploads\/2021\/06\/1502792970_218899_1502818329_album_normal-812x1024.jpg 812w, https:\/\/es.abstracta.us\/wp-content\/uploads\/2021\/06\/1502792970_218899_1502818329_album_normal-768x969.jpg 768w, https:\/\/es.abstracta.us\/wp-content\/uploads\/2021\/06\/1502792970_218899_1502818329_album_normal.jpg 980w\" sizes=\"(max-width: 379px) 100vw, 379px\" \/><\/figure><\/div>\n\n\n\n<p>La ciencia de la ingenier\u00eda ha sido responsable de un enorme desarrollo en la forma en que vivimos hoy en d\u00eda. Los avances en esta \u00e1rea nos han beneficiado enormemente para vivir vidas m\u00e1s f\u00e1ciles, como por ejemplo, residir en hogares m\u00e1s confortables y usar mejores medios de transporte.<\/p>\n\n\n\n<p>Las Naciones Unidas reconocen que la brecha de g\u00e9nero en los sectores de la ciencia, la tecnolog\u00eda, la ingenier\u00eda y las matem\u00e1ticas (STEM) persiste desde hace muchos a\u00f1os en todo el mundo. Pese a que la participaci\u00f3n de las mujeres en las carreras de grado superior ha aumentado enormemente, estas todav\u00eda se encuentran insuficientemente representadas en estos campos. Por ende, <strong>la ingenier\u00eda y la igualdad de g\u00e9nero son vitales para alcanzar el desarrollo sostenible de nuestra sociedad.<\/strong><\/p>\n\n\n\n<p>En este contexto, los cambios culturales, actitudinales y tecnol\u00f3gicos crean condiciones cada vez m\u00e1s propicias para la creciente presencia de las mujeres en la ingenier\u00eda. Siendo un \u00e1rea que necesita la mirada tanto de hombres como de mujeres para proponer mejores soluciones que mejoren la calidad de vida y las exigencias de la sociedad.<\/p>\n\n\n\n<h2 class=\"wp-block-heading\">\u00bfPor qu\u00e9 se celebra el D\u00eda de la Mujer en Ingenier\u00eda?<\/h2>\n\n\n\n<p>El 23 de junio se conmemora el D\u00eda Internacional de la Mujer en Ingenier\u00eda, instaurado en 2014 en el Reino Unido, por la <a href=\"https:\/\/www.wes.org.uk\/\" target=\"_blank\" rel=\"noreferrer noopener\">Women&#8217;s Engineering Society<\/a>, con motivo de su 95\u00ba aniversario. WES es una organizaci\u00f3n ben\u00e9fica que comenz\u00f3 a operar en 1919 tras el final de la Primera Guerra Mundial, ya que muchas mujeres hab\u00edan aceptado trabajos de ingenier\u00eda durante el conflicto y deseaban seguir trabajando.<\/p>\n\n\n\n<p>Con un importante alcance internacional, el objetivo del D\u00eda de la Mujer Ingeniera es fomentar el crecimiento de las mujeres en este sector. Por tanto se alienta a todas las organizaciones gubernamentales, educativas e institucionales a organizar eventos para apoyar el d\u00eda, \u00a1y en Abstracta no quer\u00edamos quedarnos fuera!<\/p>\n\n\n\n<h3 class=\"wp-block-heading\">Engineering Heroes &#8211; #INWED21<\/h3>\n\n\n\n<p>Para 2021, se conmemora el importante trabajo que est\u00e1n haciendo las mujeres ingenieras de todo el mundo, no solo para responder a la pandemia sino tambi\u00e9n para apoyar vidas y medios de subsistencia todos los d\u00edas, bajo el<em> tema<\/em> <em>&#8216;Engineering Heroes&#8217;<\/em>.<\/p>\n\n\n\n<h2 class=\"wp-block-heading\">Situaci\u00f3n de las Mujeres en Ingenier\u00eda en Chile<\/h2>\n\n\n\n<p>Hist\u00f3ricamente en Chile las carreras de ingenier\u00edas han tenido una fuerte impronta masculina. Hoy, la brecha ha disminuido y existen \u00e1reas donde las mujeres muestran mayor participaci\u00f3n que en a\u00f1os anteriores, como las de energ\u00eda o bioingenier\u00eda.<\/p>\n\n\n\n<p>Seg\u00fan un art\u00edculo publicado por la <a href=\"https:\/\/issuu.com\/colegiodeingenieroschile\/docs\/revista_ci_222_120619_interactive\" target=\"_blank\" rel=\"noreferrer noopener\">revista Ingenieros N\u00ba22<\/a> e informaci\u00f3n entregada por el INE, la participaci\u00f3n laboral de las mujeres en Chile ha aumentado significativamente en las \u00faltimas dos d\u00e9cadas; pas\u00f3 del 31% en 1990 al actual 48%, pero a\u00fan hay espacios donde esas cifras est\u00e1n al debe como por ejemplo en las carreras relacionadas con la ingenier\u00eda y en los cargos de alta direcci\u00f3n.<\/p>\n\n\n\n<p>Y es que en 2020, un 28% de estudiantes de ingenier\u00eda fueron mujeres y en algunas especialidades no alcanzaron al 10%, como por ejemplo, ingenier\u00eda el\u00e9ctrica. En promedio, <strong>de cada cuatro estudiantes que entran a estudiar ingenier\u00eda, solo una es mujer.<\/strong> Seg\u00fan estad\u00edsticas de UNESCO, Chile contin\u00faa entre los pa\u00edses que tienen la menor participaci\u00f3n femenina en estas \u00e1reas, en comparaci\u00f3n a pa\u00edses OCDE.<\/p>\n\n\n\n<p>En este contexto, se han gestado diversos proyectos de varias universidades para eliminar los sesgos culturales que impactan negativamente en las elecciones y el desarrollo de carrera de las mujeres.<\/p>\n\n\n\n<h3 class=\"wp-block-heading\">Igualdad de G\u00e9nero en Ingenier\u00eda<\/h3>\n\n\n\n<p>El \u00faltimo informe del Foro Econ\u00f3mico Mundial se\u00f1ala que al ritmo actual, la brecha de g\u00e9nero a nivel mundial tardar\u00e1 100 a\u00f1os en cerrarse.<\/p>\n\n\n\n<p>Desde el Ministerio de la Mujer de Chile aspiran a aumentar la participaci\u00f3n femenina en STEM y alcanzar una meta de 40% femenino para el 2030, en el marco del Plan de Igualdad entre mujeres y hombres 2018-2030.<\/p>\n\n\n\n<p>Animar a las mujeres a que se incorporen a las carreras de ingenier\u00eda es esencial para que la industria sea inclusiva, algo que es muy importante para las empresas y organizaciones hoy en d\u00eda.<\/p>\n\n\n\n<p>A continuaci\u00f3n, brindamos m\u00e1s detalles del encuentro con el que buscamos damos un reconocimiento al aporte de las mujeres en un sector de suma importancia para nuestras vidas.<\/p>\n\n\n\n<h2 class=\"wp-block-heading\">Conversatorio: D\u00eda de la Mujer en Ingenier\u00eda<\/h2>\n\n\n\n<p><strong>En Abstracta nos impulsa que ni\u00f1as, j\u00f3venes y mujeres puedan ver en la Ingenier\u00eda una opci\u00f3n para su propio proyecto de vida<\/strong>. <\/p>\n\n\n\n<figure class=\"wp-block-embed aligncenter is-type-video is-provider-youtube wp-block-embed-youtube wp-embed-aspect-16-9 wp-has-aspect-ratio\"><div class=\"wp-block-embed__wrapper\">\n<iframe loading=\"lazy\" title=\"D\u00eda de la Mujer en Ingenier\u00eda \ud83d\udc69\u200d\ud83d\udcbb | QA &amp; Testing Chile, Abstracta Tech Talks y ReconverTIte\" width=\"500\" height=\"281\" src=\"https:\/\/www.youtube.com\/embed\/RDIuVkuknfM?feature=oembed\" frameborder=\"0\" allow=\"accelerometer; autoplay; clipboard-write; encrypted-media; gyroscope; picture-in-picture; web-share\" referrerpolicy=\"strict-origin-when-cross-origin\" allowfullscreen><\/iframe>\n<\/div><\/figure>\n\n\n\n<p>En este conversatorio organizado por las comunidades de QA &amp; Testing, Abstracta Tech Talks y ReconverTIte, y con el apoyo de <a href=\"https:\/\/www.redingenierasdeminas.com\/\" target=\"_blank\" rel=\"noreferrer noopener\">Red Ingenienieras de Minas en Chile<\/a>, <a href=\"https:\/\/mujeresingenieras.cl\/\" target=\"_blank\" rel=\"noreferrer noopener\">Mujeres Ingenieras de Chile<\/a>, el <a href=\"http:\/\/www.dimec.usach.cl\/\" target=\"_blank\" rel=\"noreferrer noopener\">Departamento de Ingenier\u00eda Mec\u00e1nica de la Universidad de Santiago de Chile<\/a> y <a href=\"https:\/\/chiletec.org\/noticias\/dia-internacional-de-la-mujer-en-ingenieria\" target=\"_blank\" rel=\"noreferrer noopener\">Chiletec<\/a>, contamos con la participaci\u00f3n de destacadas ingenieras de Chile y Uruguay.<\/p>\n\n\n\n<p>Conversamos sobre qu\u00e9 las inspir\u00f3 a estudiar ingenier\u00eda, y qu\u00e9 destacan del aporte femenino a cada una de las \u00e1reas donde se desempe\u00f1an. Asimismo,  buscamos inspirar a estudiantes y futuras ingenieras con sus aportes, miradas y experiencia, y generamos un debate enriquecedor desde su \u00e1rea de especialidad, en torno a la<strong> ingenier\u00eda como una opci\u00f3n para el proyecto de vida de ni\u00f1as y j\u00f3venes y mujeres<\/strong> que buscan reconvertirse a esta \u00e1rea.<\/p>\n\n\n\n<h3 class=\"wp-block-heading\">Consuelo Fertilio<\/h3>\n\n\n\n<div class=\"wp-block-image is-style-default\"><figure class=\"alignleft size-thumbnail is-resized\"><img loading=\"lazy\" decoding=\"async\" src=\"https:\/\/cl.abstracta.us\/wp-content\/uploads\/2021\/06\/Consuelo-Fertilio-Directora-Ejecutiva-Mujeres-Ingenieras-de-Chile-150x150.png\" alt=\"Consuelo Fertilio, Directora Ejecutiva de Mujeres Ingenieras de Chile\" class=\"wp-image-6655\" width=\"150\" height=\"150\" srcset=\"https:\/\/es.abstracta.us\/wp-content\/uploads\/2021\/06\/Consuelo-Fertilio-Directora-Ejecutiva-Mujeres-Ingenieras-de-Chile-150x150.png 150w, https:\/\/es.abstracta.us\/wp-content\/uploads\/2021\/06\/Consuelo-Fertilio-Directora-Ejecutiva-Mujeres-Ingenieras-de-Chile-300x300.png 300w, https:\/\/es.abstracta.us\/wp-content\/uploads\/2021\/06\/Consuelo-Fertilio-Directora-Ejecutiva-Mujeres-Ingenieras-de-Chile.png 500w\" sizes=\"(max-width: 150px) 100vw, 150px\" \/><\/figure><\/div>\n\n\n\n<p><a href=\"https:\/\/www.linkedin.com\/in\/consuelofertilio\/\" target=\"_blank\" rel=\"noreferrer noopener\">Consuelo Fertilio<\/a> es ingeniera&nbsp;civil el\u00e9ctrica de la Universidad de Santiago de Chile, mag\u00edster en redes corporativas e integraci\u00f3n de sistemas de la Universidad Polit\u00e9cnica de Valencia&nbsp;&#8211; Espa\u00f1a, con m\u00e1s de 15 a\u00f1os de experiencia en soluciones <em>smartcities<\/em> en el \u00e1rea de Telecomunicaciones, en destacadas empresas nacionales e internacionales del pa\u00eds.<\/p>\n\n\n\n<p>Ha trabajado por m\u00e1s de 10 a\u00f1os en el sector de educaci\u00f3n, con la fuerte convicci\u00f3n de generar oportunidades sin sesgos a ni\u00f1as y ni\u00f1os de establecimientos vulnerables de todo el pa\u00eds. Consultora especialista en sistemas de gesti\u00f3n de equidad&nbsp;de g\u00e9nero y conciliaci\u00f3n de la vida laboral, personal y familiar, certificada en implementaci\u00f3n norma Chilena NCH 3262.&nbsp;Consuelo tambi\u00e9n es fundadora y directora ejecutiva de de <a href=\"https:\/\/mujeresingenieras.cl\/\" target=\"_blank\" rel=\"noreferrer noopener\">Mujeres Ingenieras de Chile<\/a>.<\/p>\n\n\n\n<h3 class=\"wp-block-heading\"><strong>Raquel Sosa<\/strong><\/h3>\n\n\n\n<div class=\"wp-block-image\"><figure class=\"alignleft size-large is-resized\"><img loading=\"lazy\" decoding=\"async\" src=\"https:\/\/cl.abstracta.us\/wp-content\/uploads\/2021\/06\/Raquel-Sosa-Msc.-en-Informatica-y-Docente-de-InCO-Facultad-de-Ingenieria-UdelaR.png\" alt=\"Raquel Sosa - Msc. en Inform\u00e1tica y Docente de InCO,  Facultad de Ingenier\u00eda UdelaR\" class=\"wp-image-6660\" width=\"150\" height=\"150\" srcset=\"https:\/\/es.abstracta.us\/wp-content\/uploads\/2021\/06\/Raquel-Sosa-Msc.-en-Informatica-y-Docente-de-InCO-Facultad-de-Ingenieria-UdelaR.png 500w, https:\/\/es.abstracta.us\/wp-content\/uploads\/2021\/06\/Raquel-Sosa-Msc.-en-Informatica-y-Docente-de-InCO-Facultad-de-Ingenieria-UdelaR-300x300.png 300w, https:\/\/es.abstracta.us\/wp-content\/uploads\/2021\/06\/Raquel-Sosa-Msc.-en-Informatica-y-Docente-de-InCO-Facultad-de-Ingenieria-UdelaR-150x150.png 150w\" sizes=\"(max-width: 150px) 100vw, 150px\" \/><\/figure><\/div>\n\n\n\n<p><a href=\"https:\/\/www.linkedin.com\/in\/raquels\/\" target=\"_blank\" rel=\"noreferrer noopener\">Raquel Sosa<\/a> es ingeniera en computaci\u00f3n de la Facultad de Ingenier\u00eda de la <a href=\"https:\/\/udelar.edu.uy\/portal\/\" target=\"_blank\" rel=\"noreferrer noopener\">Universidad de la Rep\u00fablica<\/a> (2006), mag\u00edster en inform\u00e1tica del PEDECIBA Inform\u00e1tica de la misma Universidad (2011). Desde el 2005 es docente del Instituto de Computaci\u00f3n (<a href=\"https:\/\/www.fing.edu.uy\/inco\" target=\"_blank\" rel=\"noreferrer noopener\">InCO<\/a>) de la Facultad de Ingenier\u00eda. <\/p>\n\n\n\n<p>Actualmente es Associate Professor con dedicaci\u00f3n total. Integrante del Laboratorio de Integraci\u00f3n de Sistemas y co-responsable del Grupo en Tecnolog\u00edas de la Informaci\u00f3n Geoespacial.<\/p>\n\n\n\n<h3 class=\"wp-block-heading\">Paola Huenum\u00e1n<\/h3>\n\n\n\n<div class=\"wp-block-image\"><figure class=\"alignleft size-large is-resized\"><img loading=\"lazy\" decoding=\"async\" src=\"https:\/\/cl.abstracta.us\/wp-content\/uploads\/2021\/06\/Paola-Huenuman-Confundadora-y-Lider-de-Red-de-Mujeres-Ingenieras-en-Minas.png\" alt=\"\" class=\"wp-image-6666\" width=\"150\" height=\"150\" srcset=\"https:\/\/es.abstracta.us\/wp-content\/uploads\/2021\/06\/Paola-Huenuman-Confundadora-y-Lider-de-Red-de-Mujeres-Ingenieras-en-Minas.png 500w, https:\/\/es.abstracta.us\/wp-content\/uploads\/2021\/06\/Paola-Huenuman-Confundadora-y-Lider-de-Red-de-Mujeres-Ingenieras-en-Minas-300x300.png 300w, https:\/\/es.abstracta.us\/wp-content\/uploads\/2021\/06\/Paola-Huenuman-Confundadora-y-Lider-de-Red-de-Mujeres-Ingenieras-en-Minas-150x150.png 150w\" sizes=\"(max-width: 150px) 100vw, 150px\" \/><\/figure><\/div>\n\n\n\n<p><a href=\"https:\/\/www.linkedin.com\/in\/paolahuenuman\/\" target=\"_blank\" rel=\"noreferrer noopener\">Paola Huenum\u00e1n<\/a> es ingeniera civil en minas con 18 a\u00f1os de carrera en posiciones de liderazgo en las operaciones y planificaci\u00f3n minera a cielo abierto, tambi\u00e9n ha gestionado y evaluado ambientalmente proyectos mineros. En su actual cargo se encarga de articular todas las \u00e1reas mineras y sus resultados econ\u00f3micos, contribuyendo sustancialmente al valor del negocio y la decisi\u00f3n de inversi\u00f3n. Paola es cofundadora de la Red de Ingenieros de Minas de Chile (RIM), donde actualmente trabaja con 400 profesionales con el objetivo de incorporar m\u00e1s mujeres a la industria minera.<\/p>\n\n\n\n<h3 class=\"wp-block-heading\">Lucia Lavagna<\/h3>\n\n\n\n<div class=\"wp-block-image\"><figure class=\"alignleft size-large is-resized\"><img loading=\"lazy\" decoding=\"async\" src=\"https:\/\/cl.abstracta.us\/wp-content\/uploads\/2021\/06\/Lucia-Lavagna-Ingeniera-en-Computacion-y-CSO-en-Abstracta.png\" alt=\"\" class=\"wp-image-6668\" width=\"150\" height=\"150\" srcset=\"https:\/\/es.abstracta.us\/wp-content\/uploads\/2021\/06\/Lucia-Lavagna-Ingeniera-en-Computacion-y-CSO-en-Abstracta.png 500w, https:\/\/es.abstracta.us\/wp-content\/uploads\/2021\/06\/Lucia-Lavagna-Ingeniera-en-Computacion-y-CSO-en-Abstracta-300x300.png 300w, https:\/\/es.abstracta.us\/wp-content\/uploads\/2021\/06\/Lucia-Lavagna-Ingeniera-en-Computacion-y-CSO-en-Abstracta-150x150.png 150w\" sizes=\"(max-width: 150px) 100vw, 150px\" \/><\/figure><\/div>\n\n\n\n<p><a href=\"https:\/\/www.linkedin.com\/in\/luc%C3%ADa-lavagna-683674109\/\" target=\"_blank\" rel=\"noreferrer noopener\">Lucia Lavagna<\/a> es ingeniera en computaci\u00f3n y actualmente se desempe\u00f1a como Chief Sales Officer en <a href=\"http:\/\/abstracta.us\/\" target=\"_blank\" rel=\"noreferrer noopener\">Abstracta<\/a>. Con m\u00e1s de tres a\u00f1os de experiencia supervisando las relaciones con los clientes, con empresas como Benefit Cosmetics y Singularity University. <\/p>\n\n\n\n<p>Como ingeniera de performance, Lucia ayud\u00f3 a varias empresas en todo el mundo a mejorar el rendimiento y la confiabilidad de sus sistemas.<\/p>\n\n\n\n<h3 class=\"wp-block-heading\">Odette Inostroza<\/h3>\n\n\n\n<div class=\"wp-block-image\"><figure class=\"alignleft size-large is-resized\"><img loading=\"lazy\" decoding=\"async\" src=\"https:\/\/cl.abstracta.us\/wp-content\/uploads\/2021\/06\/odette-inostroza-consejera-colegio-ingenieros-chile.png\" alt=\"\" class=\"wp-image-6710\" width=\"150\" height=\"150\" srcset=\"https:\/\/es.abstracta.us\/wp-content\/uploads\/2021\/06\/odette-inostroza-consejera-colegio-ingenieros-chile.png 500w, https:\/\/es.abstracta.us\/wp-content\/uploads\/2021\/06\/odette-inostroza-consejera-colegio-ingenieros-chile-300x300.png 300w, https:\/\/es.abstracta.us\/wp-content\/uploads\/2021\/06\/odette-inostroza-consejera-colegio-ingenieros-chile-150x150.png 150w\" sizes=\"(max-width: 150px) 100vw, 150px\" \/><\/figure><\/div>\n\n\n\n<p><a href=\"https:\/\/www.linkedin.com\/in\/odette-inostroza-h-9482358\/\" target=\"_blank\" rel=\"noreferrer noopener\">Odette Inostroza<\/a> es ingeniera comercial y cofundadora del Comit\u00e9 de Emprendimiento e Innovaci\u00f3n del <a href=\"https:\/\/www.ingenieros.cl\/\" target=\"_blank\" rel=\"noreferrer noopener\">Colegio de Ingenieros de Chile A.G<\/a>, actualmente participa como Consejera del Consejo Zonal Metropolitano del mismo. Ha liderado Gerencias de Nuevos Negocios y de Recursos Humanos y es socia de cocreaccion.cl, entidad que crea y desarrolla programas, talleres, simuladores presenciales y herramientas l\u00fadicas e innovadoras que facilitan el aprendizaje, emprendimiento e innovaci\u00f3n.<\/p>\n\n\n\n<hr class=\"wp-block-separator is-style-wide\"\/>\n\n\n\n<p><strong>\u00bfPorqu\u00e9 necesitamos que m\u00e1s ni\u00f1as y mujeres se interesen en estudiar y trabajar en ciencia, tecnolog\u00eda e ingenier\u00eda? \u00bfPorqu\u00e9 hay un impacto positivo para el entorno, las personas y a la sociedad en general al haber m\u00e1s mujeres ingenieras?<\/strong> Estos y otros interrogantes fueron respondidos desde la voz de nuestras ingenieras invitadas. \u00a1Reviva los mejores momentos!<\/p>\n\n\n\n<p>Espero que haya encontrado \u00fatil este post para conocer mejor <strong>por qu\u00e9 se celebra el\u00a0D\u00eda Internacional de la Mujer en la Ingenier\u00eda<\/strong>, \u00bfc\u00f3mo cree que ser\u00e1 el futuro igualitario? \u00bfqu\u00e9 opina de la equidad de g\u00e9nero y el empoderamiento femenino en la ingenier\u00eda? \u00a1D\u00e9jenos un comentario!<\/p>\n\n\n\n\n\n<hr class=\"wp-block-separator is-style-wide\"\/>\n\n\n\n<h3 class=\"wp-block-heading\">Otros contenidos relacionados<\/h3>\n\n\n\n<p><a href=\"https:\/\/cl.abstracta.us\/blog\/medidas-empresariales-igualdad-genero\/\" target=\"_blank\" rel=\"noreferrer noopener\">Medidas para promover la Igualdad de G\u00e9nero \u2013 Nuestra ruta<\/a><\/p>\n\n\n\n<p><a href=\"https:\/\/cl.abstracta.us\/blog\/reconvertite-programa-fomento-igualdad-genero-mundo-ti\/\" target=\"_blank\" rel=\"noreferrer noopener\">ReconverTIte, un programa que fomenta la igualdad de g\u00e9nero en el mundo IT<\/a><\/p>\n\n\n\n<p><a href=\"https:\/\/cl.abstracta.us\/blog\/reconocimiento-el-talento-no-tiene-genero\/\" target=\"_blank\" rel=\"noreferrer noopener\">Abstracta recibe reconocimiento como empresa ganadora en Uruguay del premio El talento no tiene g\u00e9nero<\/a><\/p>\n\n\n\n<p><a href=\"https:\/\/youtu.be\/q45fHQCiRWY\" target=\"_blank\" rel=\"noreferrer noopener\">Igualdad de G\u00e9nero en Abstracta &#8211; D\u00eda Internacional de la Mujer<\/a><\/p>\n\n\n","protected":false},"excerpt":{"rendered":"<p>Encuentro para celebrar su aporte a esta ciencia junto a destacadas referentes de Chile y Uruguay, en un nuevo D\u00eda Internacional de la Mujer en Ingenier\u00eda.<\/p>\n","protected":false},"author":4,"featured_media":6640,"comment_status":"open","ping_status":"open","sticky":false,"template":"","format":"standard","meta":{"footnotes":""},"categories":[6,168],"tags":[125,146],"class_list":["post-6574","post","type-post","status-publish","format-standard","has-post-thumbnail","hentry","category-cultura","category-tecnologia","tag-cultura-humanista","tag-eventos"],"yoast_head":"<!-- This site is optimized with the Yoast SEO plugin v19.13 - https:\/\/yoast.com\/wordpress\/plugins\/seo\/ -->\n<title>D\u00eda internacional de la mujer en ingenier\u00eda - Abstracta<\/title>\n<meta name=\"description\" content=\"Encuentro para celebrar su aporte a esta ciencia junto a destacadas referentes de Chile y Uruguay, en un nuevo D\u00eda Internacional de la Mujer en Ingenier\u00eda.\" \/>\n<meta name=\"robots\" content=\"index, follow, max-snippet:-1, max-image-preview:large, max-video-preview:-1\" \/>\n<link rel=\"canonical\" href=\"https:\/\/es.abstracta.us\/blog\/dia-mujer-ingenieria-inwed-2021\/\" \/>\n<meta property=\"og:locale\" content=\"es_ES\" \/>\n<meta property=\"og:type\" content=\"article\" \/>\n<meta property=\"og:title\" content=\"D\u00eda internacional de la mujer en ingenier\u00eda - Abstracta\" \/>\n<meta property=\"og:description\" content=\"Encuentro para celebrar su aporte a esta ciencia junto a destacadas referentes de Chile y Uruguay, en un nuevo D\u00eda Internacional de la Mujer en Ingenier\u00eda.\" \/>\n<meta property=\"og:url\" content=\"https:\/\/es.abstracta.us\/blog\/dia-mujer-ingenieria-inwed-2021\/\" \/>\n<meta property=\"og:site_name\" content=\"Blog de Desarrollo de Software, Testing e Inteligencia Artificial | Abstracta\" \/>\n<meta property=\"article:publisher\" content=\"https:\/\/www.facebook.com\/AbstractaChile\/\" \/>\n<meta property=\"article:published_time\" content=\"2021-06-04T07:22:27+00:00\" \/>\n<meta property=\"article:modified_time\" content=\"2024-02-15T20:26:06+00:00\" \/>\n<meta property=\"og:image\" content=\"https:\/\/es.abstracta.us\/wp-content\/uploads\/2021\/06\/conversatorio-dia-internacional-mujer-ingenieria.png\" \/>\n\t<meta property=\"og:image:width\" content=\"560\" \/>\n\t<meta property=\"og:image:height\" content=\"315\" \/>\n\t<meta property=\"og:image:type\" content=\"image\/png\" \/>\n<meta name=\"author\" content=\"Julieth Soler\" \/>\n<meta name=\"twitter:card\" content=\"summary_large_image\" \/>\n<meta name=\"twitter:creator\" content=\"@AbstractaChile\" \/>\n<meta name=\"twitter:site\" content=\"@AbstractaChile\" \/>\n<meta name=\"twitter:label1\" content=\"Written by\" \/>\n\t<meta name=\"twitter:data1\" content=\"Julieth Soler\" \/>\n\t<meta name=\"twitter:label2\" content=\"Est. reading time\" \/>\n\t<meta name=\"twitter:data2\" content=\"9 minutos\" \/>\n<script type=\"application\/ld+json\" class=\"yoast-schema-graph\">{\"@context\":\"https:\/\/schema.org\",\"@graph\":[{\"@type\":\"Article\",\"@id\":\"https:\/\/es.abstracta.us\/blog\/dia-mujer-ingenieria-inwed-2021\/#article\",\"isPartOf\":{\"@id\":\"https:\/\/es.abstracta.us\/blog\/dia-mujer-ingenieria-inwed-2021\/\"},\"author\":{\"name\":\"Julieth Soler\",\"@id\":\"https:\/\/es.abstracta.us\/blog\/#\/schema\/person\/547fd27b2ff2c9c9ff2a6189bda7026d\"},\"headline\":\"D\u00eda internacional de la mujer en ingenier\u00eda\",\"datePublished\":\"2021-06-04T07:22:27+00:00\",\"dateModified\":\"2024-02-15T20:26:06+00:00\",\"mainEntityOfPage\":{\"@id\":\"https:\/\/es.abstracta.us\/blog\/dia-mujer-ingenieria-inwed-2021\/\"},\"wordCount\":1884,\"commentCount\":0,\"publisher\":{\"@id\":\"https:\/\/es.abstracta.us\/blog\/#organization\"},\"keywords\":[\"Cultura humanista\",\"Eventos\"],\"articleSection\":[\"Cultura\",\"Tecnolog\u00eda\"],\"inLanguage\":\"es-CL\",\"potentialAction\":[{\"@type\":\"CommentAction\",\"name\":\"Comment\",\"target\":[\"https:\/\/es.abstracta.us\/blog\/dia-mujer-ingenieria-inwed-2021\/#respond\"]}]},{\"@type\":\"WebPage\",\"@id\":\"https:\/\/es.abstracta.us\/blog\/dia-mujer-ingenieria-inwed-2021\/\",\"url\":\"https:\/\/es.abstracta.us\/blog\/dia-mujer-ingenieria-inwed-2021\/\",\"name\":\"D\u00eda internacional de la mujer en ingenier\u00eda - Abstracta\",\"isPartOf\":{\"@id\":\"https:\/\/es.abstracta.us\/blog\/#website\"},\"datePublished\":\"2021-06-04T07:22:27+00:00\",\"dateModified\":\"2024-02-15T20:26:06+00:00\",\"description\":\"Encuentro para celebrar su aporte a esta ciencia junto a destacadas referentes de Chile y Uruguay, en un nuevo D\u00eda Internacional de la Mujer en Ingenier\u00eda.\",\"breadcrumb\":{\"@id\":\"https:\/\/es.abstracta.us\/blog\/dia-mujer-ingenieria-inwed-2021\/#breadcrumb\"},\"inLanguage\":\"es-CL\",\"potentialAction\":[{\"@type\":\"ReadAction\",\"target\":[\"https:\/\/es.abstracta.us\/blog\/dia-mujer-ingenieria-inwed-2021\/\"]}]},{\"@type\":\"BreadcrumbList\",\"@id\":\"https:\/\/es.abstracta.us\/blog\/dia-mujer-ingenieria-inwed-2021\/#breadcrumb\",\"itemListElement\":[{\"@type\":\"ListItem\",\"position\":1,\"name\":\"Home\",\"item\":\"https:\/\/es.abstracta.us\/blog\/\"},{\"@type\":\"ListItem\",\"position\":2,\"name\":\"D\u00eda internacional de la mujer en ingenier\u00eda\"}]},{\"@type\":\"WebSite\",\"@id\":\"https:\/\/es.abstracta.us\/blog\/#website\",\"url\":\"https:\/\/es.abstracta.us\/blog\/\",\"name\":\"Abstracta\",\"description\":\"Recursos, buenas pr\u00e1cticas, tendencias y rese\u00f1as de herramientas de desarrollo de software, testing e Inteligencia Artificial.\",\"publisher\":{\"@id\":\"https:\/\/es.abstracta.us\/blog\/#organization\"},\"potentialAction\":[{\"@type\":\"SearchAction\",\"target\":{\"@type\":\"EntryPoint\",\"urlTemplate\":\"https:\/\/es.abstracta.us\/blog\/?s={search_term_string}\"},\"query-input\":\"required name=search_term_string\"}],\"inLanguage\":\"es-CL\"},{\"@type\":\"Organization\",\"@id\":\"https:\/\/es.abstracta.us\/blog\/#organization\",\"name\":\"Abstracta\",\"url\":\"https:\/\/es.abstracta.us\/blog\/\",\"logo\":{\"@type\":\"ImageObject\",\"inLanguage\":\"es-CL\",\"@id\":\"https:\/\/es.abstracta.us\/blog\/#\/schema\/logo\/image\/\",\"url\":\"https:\/\/es.abstracta.us\/wp-content\/uploads\/2024\/03\/abstracta-logo.png\",\"contentUrl\":\"https:\/\/es.abstracta.us\/wp-content\/uploads\/2024\/03\/abstracta-logo.png\",\"width\":1217,\"height\":300,\"caption\":\"Abstracta\"},\"image\":{\"@id\":\"https:\/\/es.abstracta.us\/blog\/#\/schema\/logo\/image\/\"},\"sameAs\":[\"https:\/\/www.instagram.com\/we_are_abstracta\/\",\"https:\/\/www.linkedin.com\/showcase\/abstracta-chile\/\",\"https:\/\/www.youtube.com\/channel\/UCj4dx2LZCRcgM8GzxYEKYeQ\",\"https:\/\/www.facebook.com\/AbstractaChile\/\",\"https:\/\/twitter.com\/AbstractaChile\"]},{\"@type\":\"Person\",\"@id\":\"https:\/\/es.abstracta.us\/blog\/#\/schema\/person\/547fd27b2ff2c9c9ff2a6189bda7026d\",\"name\":\"Julieth Soler\",\"image\":{\"@type\":\"ImageObject\",\"inLanguage\":\"es-CL\",\"@id\":\"https:\/\/es.abstracta.us\/blog\/#\/schema\/person\/image\/\",\"url\":\"https:\/\/secure.gravatar.com\/avatar\/5a5c0db120e17cef9ba4de39aa183ed2?s=96&d=mm&r=g\",\"contentUrl\":\"https:\/\/secure.gravatar.com\/avatar\/5a5c0db120e17cef9ba4de39aa183ed2?s=96&d=mm&r=g\",\"caption\":\"Julieth Soler\"},\"description\":\"Digital Marketing Manager en Abstracta Chile\",\"sameAs\":[\"https:\/\/cl.abstracta.us\/\",\"https:\/\/www.linkedin.com\/in\/juliethsoler\/\"],\"url\":\"https:\/\/es.abstracta.us\/blog\/author\/julieth\/\"}]}<\/script>\n<!-- \/ Yoast SEO plugin. -->","yoast_head_json":{"title":"D\u00eda internacional de la mujer en ingenier\u00eda - Abstracta","description":"Encuentro para celebrar su aporte a esta ciencia junto a destacadas referentes de Chile y Uruguay, en un nuevo D\u00eda Internacional de la Mujer en Ingenier\u00eda.","robots":{"index":"index","follow":"follow","max-snippet":"max-snippet:-1","max-image-preview":"max-image-preview:large","max-video-preview":"max-video-preview:-1"},"canonical":"https:\/\/es.abstracta.us\/blog\/dia-mujer-ingenieria-inwed-2021\/","og_locale":"es_ES","og_type":"article","og_title":"D\u00eda internacional de la mujer en ingenier\u00eda - Abstracta","og_description":"Encuentro para celebrar su aporte a esta ciencia junto a destacadas referentes de Chile y Uruguay, en un nuevo D\u00eda Internacional de la Mujer en Ingenier\u00eda.","og_url":"https:\/\/es.abstracta.us\/blog\/dia-mujer-ingenieria-inwed-2021\/","og_site_name":"Blog de Desarrollo de Software, Testing e Inteligencia Artificial | Abstracta","article_publisher":"https:\/\/www.facebook.com\/AbstractaChile\/","article_published_time":"2021-06-04T07:22:27+00:00","article_modified_time":"2024-02-15T20:26:06+00:00","og_image":[{"width":560,"height":315,"url":"https:\/\/es.abstracta.us\/wp-content\/uploads\/2021\/06\/conversatorio-dia-internacional-mujer-ingenieria.png","type":"image\/png"}],"author":"Julieth Soler","twitter_card":"summary_large_image","twitter_creator":"@AbstractaChile","twitter_site":"@AbstractaChile","twitter_misc":{"Written by":"Julieth Soler","Est. reading time":"9 minutos"},"schema":{"@context":"https:\/\/schema.org","@graph":[{"@type":"Article","@id":"https:\/\/es.abstracta.us\/blog\/dia-mujer-ingenieria-inwed-2021\/#article","isPartOf":{"@id":"https:\/\/es.abstracta.us\/blog\/dia-mujer-ingenieria-inwed-2021\/"},"author":{"name":"Julieth Soler","@id":"https:\/\/es.abstracta.us\/blog\/#\/schema\/person\/547fd27b2ff2c9c9ff2a6189bda7026d"},"headline":"D\u00eda internacional de la mujer en ingenier\u00eda","datePublished":"2021-06-04T07:22:27+00:00","dateModified":"2024-02-15T20:26:06+00:00","mainEntityOfPage":{"@id":"https:\/\/es.abstracta.us\/blog\/dia-mujer-ingenieria-inwed-2021\/"},"wordCount":1884,"commentCount":0,"publisher":{"@id":"https:\/\/es.abstracta.us\/blog\/#organization"},"keywords":["Cultura humanista","Eventos"],"articleSection":["Cultura","Tecnolog\u00eda"],"inLanguage":"es-CL","potentialAction":[{"@type":"CommentAction","name":"Comment","target":["https:\/\/es.abstracta.us\/blog\/dia-mujer-ingenieria-inwed-2021\/#respond"]}]},{"@type":"WebPage","@id":"https:\/\/es.abstracta.us\/blog\/dia-mujer-ingenieria-inwed-2021\/","url":"https:\/\/es.abstracta.us\/blog\/dia-mujer-ingenieria-inwed-2021\/","name":"D\u00eda internacional de la mujer en ingenier\u00eda - Abstracta","isPartOf":{"@id":"https:\/\/es.abstracta.us\/blog\/#website"},"datePublished":"2021-06-04T07:22:27+00:00","dateModified":"2024-02-15T20:26:06+00:00","description":"Encuentro para celebrar su aporte a esta ciencia junto a destacadas referentes de Chile y Uruguay, en un nuevo D\u00eda Internacional de la Mujer en Ingenier\u00eda.","breadcrumb":{"@id":"https:\/\/es.abstracta.us\/blog\/dia-mujer-ingenieria-inwed-2021\/#breadcrumb"},"inLanguage":"es-CL","potentialAction":[{"@type":"ReadAction","target":["https:\/\/es.abstracta.us\/blog\/dia-mujer-ingenieria-inwed-2021\/"]}]},{"@type":"BreadcrumbList","@id":"https:\/\/es.abstracta.us\/blog\/dia-mujer-ingenieria-inwed-2021\/#breadcrumb","itemListElement":[{"@type":"ListItem","position":1,"name":"Home","item":"https:\/\/es.abstracta.us\/blog\/"},{"@type":"ListItem","position":2,"name":"D\u00eda internacional de la mujer en ingenier\u00eda"}]},{"@type":"WebSite","@id":"https:\/\/es.abstracta.us\/blog\/#website","url":"https:\/\/es.abstracta.us\/blog\/","name":"Abstracta","description":"Recursos, buenas pr\u00e1cticas, tendencias y rese\u00f1as de herramientas de desarrollo de software, testing e Inteligencia Artificial.","publisher":{"@id":"https:\/\/es.abstracta.us\/blog\/#organization"},"potentialAction":[{"@type":"SearchAction","target":{"@type":"EntryPoint","urlTemplate":"https:\/\/es.abstracta.us\/blog\/?s={search_term_string}"},"query-input":"required name=search_term_string"}],"inLanguage":"es-CL"},{"@type":"Organization","@id":"https:\/\/es.abstracta.us\/blog\/#organization","name":"Abstracta","url":"https:\/\/es.abstracta.us\/blog\/","logo":{"@type":"ImageObject","inLanguage":"es-CL","@id":"https:\/\/es.abstracta.us\/blog\/#\/schema\/logo\/image\/","url":"https:\/\/es.abstracta.us\/wp-content\/uploads\/2024\/03\/abstracta-logo.png","contentUrl":"https:\/\/es.abstracta.us\/wp-content\/uploads\/2024\/03\/abstracta-logo.png","width":1217,"height":300,"caption":"Abstracta"},"image":{"@id":"https:\/\/es.abstracta.us\/blog\/#\/schema\/logo\/image\/"},"sameAs":["https:\/\/www.instagram.com\/we_are_abstracta\/","https:\/\/www.linkedin.com\/showcase\/abstracta-chile\/","https:\/\/www.youtube.com\/channel\/UCj4dx2LZCRcgM8GzxYEKYeQ","https:\/\/www.facebook.com\/AbstractaChile\/","https:\/\/twitter.com\/AbstractaChile"]},{"@type":"Person","@id":"https:\/\/es.abstracta.us\/blog\/#\/schema\/person\/547fd27b2ff2c9c9ff2a6189bda7026d","name":"Julieth Soler","image":{"@type":"ImageObject","inLanguage":"es-CL","@id":"https:\/\/es.abstracta.us\/blog\/#\/schema\/person\/image\/","url":"https:\/\/secure.gravatar.com\/avatar\/5a5c0db120e17cef9ba4de39aa183ed2?s=96&d=mm&r=g","contentUrl":"https:\/\/secure.gravatar.com\/avatar\/5a5c0db120e17cef9ba4de39aa183ed2?s=96&d=mm&r=g","caption":"Julieth Soler"},"description":"Digital Marketing Manager en Abstracta Chile","sameAs":["https:\/\/cl.abstracta.us\/","https:\/\/www.linkedin.com\/in\/juliethsoler\/"],"url":"https:\/\/es.abstracta.us\/blog\/author\/julieth\/"}]}},"jetpack_featured_media_url":"https:\/\/es.abstracta.us\/wp-content\/uploads\/2021\/06\/conversatorio-dia-internacional-mujer-ingenieria.png","_links":{"self":[{"href":"https:\/\/es.abstracta.us\/blog\/wp-json\/wp\/v2\/posts\/6574"}],"collection":[{"href":"https:\/\/es.abstracta.us\/blog\/wp-json\/wp\/v2\/posts"}],"about":[{"href":"https:\/\/es.abstracta.us\/blog\/wp-json\/wp\/v2\/types\/post"}],"author":[{"embeddable":true,"href":"https:\/\/es.abstracta.us\/blog\/wp-json\/wp\/v2\/users\/4"}],"replies":[{"embeddable":true,"href":"https:\/\/es.abstracta.us\/blog\/wp-json\/wp\/v2\/comments?post=6574"}],"version-history":[{"count":133,"href":"https:\/\/es.abstracta.us\/blog\/wp-json\/wp\/v2\/posts\/6574\/revisions"}],"predecessor-version":[{"id":17097,"href":"https:\/\/es.abstracta.us\/blog\/wp-json\/wp\/v2\/posts\/6574\/revisions\/17097"}],"wp:featuredmedia":[{"embeddable":true,"href":"https:\/\/es.abstracta.us\/blog\/wp-json\/wp\/v2\/media\/6640"}],"wp:attachment":[{"href":"https:\/\/es.abstracta.us\/blog\/wp-json\/wp\/v2\/media?parent=6574"}],"wp:term":[{"taxonomy":"category","embeddable":true,"href":"https:\/\/es.abstracta.us\/blog\/wp-json\/wp\/v2\/categories?post=6574"},{"taxonomy":"post_tag","embeddable":true,"href":"https:\/\/es.abstracta.us\/blog\/wp-json\/wp\/v2\/tags?post=6574"}],"curies":[{"name":"wp","href":"https:\/\/api.w.org\/{rel}","templated":true}]}}