{"id":5687,"date":"2021-03-07T20:51:38","date_gmt":"2021-03-07T20:51:38","guid":{"rendered":"http:\/\/cl.abstracta.us\/blog\/?p=5687"},"modified":"2021-07-14T01:33:43","modified_gmt":"2021-07-14T01:33:43","slug":"medidas-empresariales-igualdad-genero","status":"publish","type":"post","link":"https:\/\/es.abstracta.us\/blog\/medidas-empresariales-igualdad-genero\/","title":{"rendered":"Medidas para promover la Igualdad de G\u00e9nero &#8211; Nuestra ruta"},"content":{"rendered":"\n<h3 class=\"wp-block-heading\">Para conmemorar el D\u00eda Internacional de la Mujer, compartimos el importante trabajo que estamos haciendo en Abstracta, para crear un lugar de trabajo justo y seguro.<\/h3>\n\n\n\n<div class=\"wp-block-image\"><figure class=\"aligncenter size-large\"><img loading=\"lazy\" decoding=\"async\" width=\"1024\" height=\"683\" src=\"https:\/\/cl.abstracta.us\/wp-content\/uploads\/2021\/03\/acciones-igualdad-genero-abstracta.jpeg\" alt=\"Acciones para la igualdad de g\u00e9nero en el lugar de trabajo - Abstracta\" class=\"wp-image-5688\" srcset=\"https:\/\/es.abstracta.us\/wp-content\/uploads\/2021\/03\/acciones-igualdad-genero-abstracta.jpeg 1024w, https:\/\/es.abstracta.us\/wp-content\/uploads\/2021\/03\/acciones-igualdad-genero-abstracta-300x200.jpeg 300w, https:\/\/es.abstracta.us\/wp-content\/uploads\/2021\/03\/acciones-igualdad-genero-abstracta-768x512.jpeg 768w\" sizes=\"(max-width: 1024px) 100vw, 1024px\" \/><\/figure><\/div>\n\n\n\n<p>Desde 2019, nuestro equipo de People Care se ha enfocado en formalizar las acciones que hasta ahora se ven\u00edan realizando de forma natural en Abstracta para promover&nbsp;la no violencia e igualdad de trato entre mujeres y hombres.&nbsp;<\/p>\n\n\n\n<p>Una de las primeras acciones espec\u00edficas para hacer p\u00fablico y manifiesto nuestro inter\u00e9s en el tema fue formar parte de la red de ONU Mujeres de sus <a href=\"https:\/\/www.weps.org\/\" target=\"_blank\" rel=\"noreferrer noopener\">Principios de Empoderamiento de la Mujer<\/a>. Esto nos permiti\u00f3 durante 2020 participar y capacitarnos a trav\u00e9s de diversos webinars organizados por <a href=\"https:\/\/www.unwomen.org\/en\/news\/stories\/2018\/9\/news-2018-weps-forum\" target=\"_blank\" rel=\"noreferrer noopener\">ONU Mujeres y el Programa \u201cWin-Win\u201d<\/a> con el fin de conocer otras experiencias institucionales, planes de acci\u00f3n, gu\u00edas de c\u00f3mo continuar y el uso de algunas herramientas innovadoras.<\/p>\n\n\n\n<p>Al unirnos a esta red, tomamos los principios para el empoderamiento de la mujer como nuestro norte guiando nuestras acciones y pol\u00edticas:<\/p>\n\n\n\n<figure class=\"wp-block-image size-large\"><img loading=\"lazy\" decoding=\"async\" width=\"900\" height=\"700\" src=\"https:\/\/cl.abstracta.us\/wp-content\/uploads\/2021\/03\/principios-empoderamiento-mujeres-onu-mujeres.png\" alt=\"Principios para el Empoderamiento de la Mujer - ONU Mujeres\" class=\"wp-image-5689\" srcset=\"https:\/\/es.abstracta.us\/wp-content\/uploads\/2021\/03\/principios-empoderamiento-mujeres-onu-mujeres.png 900w, https:\/\/es.abstracta.us\/wp-content\/uploads\/2021\/03\/principios-empoderamiento-mujeres-onu-mujeres-300x233.png 300w, https:\/\/es.abstracta.us\/wp-content\/uploads\/2021\/03\/principios-empoderamiento-mujeres-onu-mujeres-768x597.png 768w\" sizes=\"(max-width: 900px) 100vw, 900px\" \/><\/figure>\n\n\n\n<p>Dentro del Plan de Acci\u00f3n dise\u00f1ado para el per\u00edodo 2020-2021, un pilar importante es formalizar y transmitir claramente la posici\u00f3n de Abstracta en cuanto a pol\u00edticas de igualdad de g\u00e9nero y no tolerancia a la violencia. Estamos de acuerdo en que es importante ser expl\u00edcitos en los valores y acciones que queremos reproducir y no simplemente confiar en que se producir\u00e1n de forma natural.<\/p>\n\n\n\n<p>A continuaci\u00f3n, compartir\u00e9 lo que hemos trabajado respecto a las pol\u00edticas, acciones y c\u00f3mo hemos logrado promoverlo hasta ahora, de modo que, tambi\u00e9n pueda plantear estas ideas dentro de su compa\u00f1\u00eda.<\/p>\n\n\n\n<h2 class=\"wp-block-heading\">\u00bfC\u00f3mo estamos promoviendo la Igualdad de G\u00e9nero en Abstracta?<\/h2>\n\n\n\n<h3 class=\"wp-block-heading\">Sistema de retribuci\u00f3n Salarial<\/h3>\n\n\n\n<p>Para asegurarnos que haya igualdad de condiciones en materia de compensaci\u00f3n, creamos una calculadora salarial que utilizamos como herramienta para revisar y ajustar los salarios de todas las mujeres y hombres que integran nuestro equipo. Al utilizar la misma medida para analizar las habilidades, la experiencia, la calidad del trabajo y el fit cultural de cada persona, logramos obtener una visi\u00f3n real y transparente sobre los roles y su correspondiente salario, evitando posibles brechas salariales basadas en g\u00e9nero.<\/p>\n\n\n\n<p>Actualmente tambi\u00e9n estamos utilizando la herramienta de Diagn\u00f3stico para la Igualdad de Remuneraci\u00f3n (DIR) de ONU Mujeres. Seg\u00fan <a href=\"https:\/\/www.weps.org\/resource\/diagnosis-equal-remuneration\" target=\"_blank\" rel=\"noreferrer noopener\">weps.org<\/a>, se trata de \u201cuna nueva herramienta de autoevaluaci\u00f3n desarrollada por ONU Mujeres para empresas y organizaciones comprometidas con la igualdad. Les ayuda a evaluar si est\u00e1n aplicando el principio de \u201cigual salario por trabajo de igual valor&#8217; de conformidad con el Convenio n.\u00ba 100 de la OIT &#8220;.<\/p>\n\n\n\n<h3 class=\"wp-block-heading\">Liderazgo 50-50<\/h3>\n\n\n\n<p>Nuestro equipo de l\u00edderes (43% mujeres y 57% hombres) y el C-Suite (60% mujeres y 40% hombres) son diversos y funciona en red, donde los miembros se conocen y conf\u00edan en las fortalezas \u00fanicas de los dem\u00e1s. Valoramos y seguimos trabajando para capacitar y empoderar a m\u00e1s mujeres para que ocupen estos roles que tienen un gran impacto en la estrategia organizacional.<\/p>\n\n\n\n<h3 class=\"wp-block-heading\">Directorio Ejecutivo con Presencia Femenina y Perspectiva de G\u00e9nero<\/h3>\n\n\n\n<p>Con una fuerte impronta masculina en el sector empresarial y de TI, a nivel local y global, Abstracta cuenta con una presencia femenina del 25% en su Directorio. El Directorio Ejecutivo se form\u00f3 desde un principio con nuestros cofundadores y hace tres a\u00f1os decidieron dar la bienvenida a su equipo a una mujer, con el deseo de integrar una perspectiva femenina en la toma de decisiones estrat\u00e9gicas. Esta socia, <a href=\"https:\/\/twitter.com\/sopalamarchuk\" target=\"_blank\" rel=\"noreferrer noopener\">Sofia Palamarchuk<\/a>, fue elegida por haber impulsado el crecimiento emblem\u00e1tico dentro de Abstracta y hoy lidera <a href=\"https:\/\/www.apptim.com\/?utm_source=abstracta%20chile&amp;utm_medium=web\" target=\"_blank\" rel=\"noreferrer noopener\">Apptim<\/a> como su CEO, una startup de Abstracta.<\/p>\n\n\n\n<p>En los \u00faltimos a\u00f1os, nuestro Directorio Ejecutivo ha participado en varias capacitaciones y espacios de sensibilizaci\u00f3n para comprender mejor varias de las desigualdades de g\u00e9nero que surgen.<\/p>\n\n\n\n<div class=\"wp-block-image\"><figure class=\"aligncenter size-large\"><img loading=\"lazy\" decoding=\"async\" width=\"1024\" height=\"678\" src=\"https:\/\/cl.abstracta.us\/wp-content\/uploads\/2021\/03\/directorio-ejecutivo-abstracta-inc.jpg\" alt=\"\" class=\"wp-image-5690\" srcset=\"https:\/\/es.abstracta.us\/wp-content\/uploads\/2021\/03\/directorio-ejecutivo-abstracta-inc.jpg 1024w, https:\/\/es.abstracta.us\/wp-content\/uploads\/2021\/03\/directorio-ejecutivo-abstracta-inc-300x199.jpg 300w, https:\/\/es.abstracta.us\/wp-content\/uploads\/2021\/03\/directorio-ejecutivo-abstracta-inc-768x509.jpg 768w\" sizes=\"(max-width: 1024px) 100vw, 1024px\" \/><\/figure><\/div>\n\n\n\n<p>Para nuestra oficina en Chile, Mariana Salaberry trajo sus +25 a\u00f1os de experiencia en corporaciones y en entornos de TI en diferentes \u00e1reas en pa\u00edses de Latinoam\u00e9rica, Espa\u00f1a, Portugal e Italia. Desde 2019 lidera el \u00e1rea de negocios de la oficina de Abstracta en Chile, enfoc\u00e1ndose en la gesti\u00f3n comercial de proyectos y acercando de esta manera a las organizaciones chilenas para que puedan acceder a servicios de calidad.<\/p>\n\n\n\n<p>Tambi\u00e9n participa activamente de la Mesa de trabajo Mujeres Tech de Chiletec, cuyo objetivo es levantar temas de g\u00e9nero en donde se puedan detectar iniciativas que permitan dar mayor visibilidad y participaci\u00f3n a las mujeres de la industria, y crear valor a trav\u00e9s de la construcci\u00f3n de capital social con perspectiva de g\u00e9nero.<\/p>\n\n\n\n<div class=\"wp-block-image\"><figure class=\"aligncenter size-large\"><img loading=\"lazy\" decoding=\"async\" width=\"1024\" height=\"683\" src=\"https:\/\/cl.abstracta.us\/wp-content\/uploads\/2021\/03\/mariana-salaberry-cso-abstracta-chile-1024x683.jpg\" alt=\"Mariana Salaberry, CSO Abstracta Chile\" class=\"wp-image-5732\" srcset=\"https:\/\/es.abstracta.us\/wp-content\/uploads\/2021\/03\/mariana-salaberry-cso-abstracta-chile-1024x683.jpg 1024w, https:\/\/es.abstracta.us\/wp-content\/uploads\/2021\/03\/mariana-salaberry-cso-abstracta-chile-300x200.jpg 300w, https:\/\/es.abstracta.us\/wp-content\/uploads\/2021\/03\/mariana-salaberry-cso-abstracta-chile-768x512.jpg 768w, https:\/\/es.abstracta.us\/wp-content\/uploads\/2021\/03\/mariana-salaberry-cso-abstracta-chile-1536x1024.jpg 1536w, https:\/\/es.abstracta.us\/wp-content\/uploads\/2021\/03\/mariana-salaberry-cso-abstracta-chile-2048x1365.jpg 2048w\" sizes=\"(max-width: 1024px) 100vw, 1024px\" \/><\/figure><\/div>\n\n\n\n<h3 class=\"wp-block-heading\">Empresa Family-friendly<\/h3>\n\n\n\n<p>Creemos que para tener una vida plena es necesario poder integrar bien el trabajo y los proyectos personales. Contamos con una variedad de mecanismos (horarios flexibles, teletrabajo, dedicaci\u00f3n a tiempo parcial, equipo de psic\u00f3logos, entre otros) para poder trabajar y organizarnos de manera que los abstracteros podamos estar todos donde queramos estar, por ejemplo en la crianza de nuestros hijos o en el cuidado de seres queridos.<\/p>\n\n\n\n<p>De esta manera, promovemos la calidad de vida de mujeres y hombres, incluidos los padres y madres, para que puedan participar activamente en la crianza de los hijos en el d\u00eda a d\u00eda. En cada evento y celebraci\u00f3n de la empresa, damos una calurosa bienvenida a cada una de las familias de nuestro equipo. Por ejemplo, organizamos un encuentro anual en una zona rural para reunirnos en torno a una parrilla y picnics. Nos encanta porque podemos conocer a las familias, se promueve un entorno en el que vamos m\u00e1s all\u00e1 de las relaciones de oficina y llegamos a conocer a todos como algo m\u00e1s que colegas.<\/p>\n\n\n\n<h3 class=\"wp-block-heading\">ReconverTIte: Mujeres en Testing<\/h3>\n\n\n\n<p>Buscando contribuir a la descentralizaci\u00f3n de oportunidades laborales de calidad, hemos buscado tender puentes con otras ciudades, lejos de la capital de Uruguay, donde hay mucha gente talentosa. Apostando por impulsar un movimiento e inspirar a m\u00e1s empresas a seguir el ejemplo, ponemos nuestro conocimiento, experiencias y lugar en la industria para dar visibilidad a las inequidades y brindar alternativas.<\/p>\n\n\n\n<p>Para ayudar a que haya m\u00e1s oportunidades accesibles en \u00e1reas m\u00e1s remotas, desarrollamos un proyecto llamado <a href=\"https:\/\/www.reconvertite.uy\/\" target=\"_blank\" rel=\"noreferrer noopener\">ReconverTIte<\/a>. A trav\u00e9s de esta iniciativa, ofrecemos formaci\u00f3n gratuita en testing de software y competencias transversales, as\u00ed como mentor\u00eda y acompa\u00f1amiento en la b\u00fasqueda de empleo sin que las mujeres tengan que dejar su lugar de residencia.<\/p>\n\n\n\n<div class=\"wp-block-image\"><figure class=\"aligncenter size-large\"><img loading=\"lazy\" decoding=\"async\" width=\"1024\" height=\"511\" src=\"https:\/\/cl.abstracta.us\/wp-content\/uploads\/2021\/03\/generacion-2019-reconvertite-mujeres-en-testing.jpg\" alt=\"\" class=\"wp-image-5691\" srcset=\"https:\/\/es.abstracta.us\/wp-content\/uploads\/2021\/03\/generacion-2019-reconvertite-mujeres-en-testing.jpg 1024w, https:\/\/es.abstracta.us\/wp-content\/uploads\/2021\/03\/generacion-2019-reconvertite-mujeres-en-testing-300x150.jpg 300w, https:\/\/es.abstracta.us\/wp-content\/uploads\/2021\/03\/generacion-2019-reconvertite-mujeres-en-testing-768x383.jpg 768w\" sizes=\"(max-width: 1024px) 100vw, 1024px\" \/><\/figure><\/div>\n\n\n\n<h3 class=\"wp-block-heading\">Abstracta Academy<\/h3>\n\n\n\n<p>Los miembros del equipo de Abstracta y sus familias pueden inscribirse de forma gratuita en diferentes cursos relacionados con las pruebas de software, desde las pruebas de performance hasta la automatizaci\u00f3n de pruebas y los aspectos fundamentales como las pruebas de caja blanca y caja negra, a trav\u00e9s de nuestra plataforma educativa <a href=\"https:\/\/abstracta.academy\/\" target=\"_blank\" rel=\"noreferrer noopener\">Abstracta Academy<\/a>. De esta forma, promovemos la generaci\u00f3n de nuevas oportunidades de aprendizaje y trabajo para mujeres y hombres.<\/p>\n\n\n\n<blockquote class=\"wp-block-quote is-layout-flow wp-block-quote-is-layout-flow\"><p><strong><em>En 2020, el 73% de las personas que aprendieron testing de software a trav\u00e9s de Abstracta Academy eran mujeres.<\/em><\/strong><\/p><\/blockquote>\n\n\n\n<p>Como agentes de cambio, compartimos nuestro conocimiento en t\u00e9rminos t\u00e9cnicos y pr\u00e1cticos. Compartiendo nuestras experiencias con la comunidad, sumamos m\u00e1s mujeres capacitadas a una industria con clara mayor\u00eda de presencia masculina.<\/p>\n\n\n\n<h2 class=\"wp-block-heading\">Pol\u00edtica de Tolerancia Cero contra todo tipo de violencia<\/h2>\n\n\n\n<p>De la mano de nuestro trabajo de promoci\u00f3n de la igualdad de g\u00e9nero, nos declaramos expl\u00edcitamente contra todo tipo de violencia y acoso en el lugar de trabajo. Promovemos y fomentamos activamente estrategias para evitar estas situaciones y nuestro objetivo es que estas acciones promuevan entornos m\u00e1s justos dentro y fuera del entorno laboral.<\/p>\n\n\n\n<p>A trav\u00e9s de un enfoque de perspectiva de g\u00e9nero, buscamos detectar y derribar la discriminaci\u00f3n en todas sus formas. No solo tenemos acciones especiales que impulsamos para erradicar la violencia y la discriminaci\u00f3n, sino que tambi\u00e9n en el d\u00eda a d\u00eda trabajamos para eliminar las microagresiones que muchas veces son normalizadas y poco visibles.<\/p>\n\n\n\n<p>Nuestras acciones hasta hoy:<\/p>\n\n\n\n<ul class=\"wp-block-list\"><li>Implementamos una Pol\u00edtica contra la discriminaci\u00f3n y creamos un C\u00f3digo de Conducta al que todos los colaboradores tienen acceso.<\/li><li>Creamos y comunicamos nuestra Pol\u00edtica de Intervenci\u00f3n que promueven espacios seguros para reportar situaciones.<\/li><li>Organizamos charlas internas sobre sesgos inconscientes y creamos un art\u00edculo sobre ello en el portal interno de Abstracta.<\/li><li>Creamos episodios en el podcast <a href=\"https:\/\/theeverythingelsepodcast.medium.com\/\" target=\"_blank\" rel=\"noreferrer noopener\">The Everything Else<\/a> sobre interculturalidad, diversidad y c\u00f3mo la sociedad ve los roles de g\u00e9nero. <\/li><\/ul>\n\n\n\n<h4 class=\"wp-block-heading\">Por qu\u00e9 son importantes los roles y los sesgos de g\u00e9nero &#8211; Episodio especial<\/h4>\n\n\n\n<p>En este episodio junto a las invitadas especiales <a href=\"https:\/\/twitter.com\/macabotta\" target=\"_blank\" rel=\"noreferrer noopener\">Maggie Giuria<\/a> y <a href=\"https:\/\/twitter.com\/macabotta\" target=\"_blank\" rel=\"noreferrer noopener\">Maca Botta<\/a> de <a href=\"https:\/\/twitter.com\/bravasomos1\">BravaSomos<\/a>, explicamos junto a Mercedes Remedi por qu\u00e9 los estereotipos de g\u00e9nero juegan un papel tan importante en las relaciones, especialmente en el lugar de trabajo. Este podcast es apoyado por <a href=\"https:\/\/abstracta.us\/\" target=\"_blank\" rel=\"noreferrer noopener\">Abstracta<\/a> e <a href=\"http:\/\/inc.com.uy\/\" target=\"_blank\" rel=\"noreferrer noopener\">Inc. English Services<\/a>. \u00a1Esc\u00fachelo ahora! \ud83d\udc47<\/p>\n\n\n\n<figure class=\"wp-block-embed is-type-rich is-provider-spotify wp-block-embed-spotify wp-embed-aspect-21-9 wp-has-aspect-ratio\"><div class=\"wp-block-embed__wrapper\">\n<iframe title=\"Spotify Embed: Special Episode: The one about why gender roles and biases matter\" style=\"border-radius: 12px\" width=\"100%\" height=\"152\" frameborder=\"0\" allowfullscreen allow=\"autoplay; clipboard-write; encrypted-media; fullscreen; picture-in-picture\" loading=\"lazy\" src=\"https:\/\/open.spotify.com\/embed\/episode\/5ySInrQdzRkqGiIWQfHUx7?si=GA2F94nJRiKwhwY0xJjsqg&#038;utm_source=oembed\"><\/iframe>\n<\/div><\/figure>\n\n\n\n<h2 class=\"wp-block-heading\">Hacia un futuro m\u00e1s prometedor para todos<\/h2>\n\n\n\n<p>Sin duda, todo esto es parte de ser un poco m\u00e1s conscientes de un tema que es central y que nos interpela cada d\u00eda. Creo que es posible construir, entre todos, un futuro m\u00e1s saludable, genuino y tolerante. 2021 traer\u00e1 m\u00e1s acciones y trabajo en este sentido, en el que esperamos que todos los miembros de nuestro equipo se sumen.<\/p>\n\n\n\n<p>Cu\u00e9ntenos, \u00bfcu\u00e1les son algunas de las iniciativas que ha puesto en marcha su organizaci\u00f3n y que cree que deber\u00edan implementar m\u00e1s empresas? \u00a1Nos encantar\u00eda saberlo!<\/p>\n\n\n\n<hr class=\"wp-block-separator is-style-dots\"\/>\n\n\n\n<h3 class=\"wp-block-heading\">Otros contenidos relacionados<\/h3>\n\n\n\n<h4 class=\"wp-block-heading\">Igualdad de g\u00e9nero en la Industria TI<\/h4>\n\n\n\n<figure class=\"wp-block-embed aligncenter is-type-video is-provider-youtube wp-block-embed-youtube wp-embed-aspect-16-9 wp-has-aspect-ratio\"><div class=\"wp-block-embed__wrapper\">\n<iframe loading=\"lazy\" title=\"Igualdad de G\u00e9nero en Abstracta \ud83d\udc69\u200d\ud83d\udcbb - D\u00eda Internacional de la Mujer\" width=\"500\" height=\"281\" src=\"https:\/\/www.youtube.com\/embed\/q45fHQCiRWY?feature=oembed\" frameborder=\"0\" allow=\"accelerometer; autoplay; clipboard-write; encrypted-media; gyroscope; picture-in-picture; web-share\" referrerpolicy=\"strict-origin-when-cross-origin\" allowfullscreen><\/iframe>\n<\/div><\/figure>\n\n\n\n<h4 class=\"wp-block-heading\">Premio &#8220;El talento no tiene g\u00e9nero 2021&#8221; basado en Principios WEPs<\/h4>\n\n\n\n<figure class=\"wp-block-embed aligncenter is-type-video is-provider-youtube wp-block-embed-youtube wp-embed-aspect-16-9 wp-has-aspect-ratio\"><div class=\"wp-block-embed__wrapper\">\n<iframe loading=\"lazy\" title=\"ABSTRACTA - Premio \u201cEl talento no tiene g\u00e9nero\u201d 2021\" width=\"500\" height=\"281\" src=\"https:\/\/www.youtube.com\/embed\/YQmW8fGSj9Q?feature=oembed\" frameborder=\"0\" allow=\"accelerometer; autoplay; clipboard-write; encrypted-media; gyroscope; picture-in-picture; web-share\" referrerpolicy=\"strict-origin-when-cross-origin\" allowfullscreen><\/iframe>\n<\/div><\/figure>\n","protected":false},"excerpt":{"rendered":"<p>Compartimos nuestro compromiso de promover la Igualdad de G\u00e9nero en el lugar de trabajo, en alianza con el Programa de Empoderamiento de las Mujeres de la ONU.<\/p>\n","protected":false},"author":25,"featured_media":5723,"comment_status":"open","ping_status":"open","sticky":false,"template":"","format":"standard","meta":{"footnotes":""},"categories":[6],"tags":[125],"class_list":["post-5687","post","type-post","status-publish","format-standard","has-post-thumbnail","hentry","category-cultura","tag-cultura-humanista"],"yoast_head":"<!-- This site is optimized with the Yoast SEO plugin v19.13 - https:\/\/yoast.com\/wordpress\/plugins\/seo\/ -->\n<title>Medidas para promover la Igualdad de G\u00e9nero - Nuestra ruta - Abstracta<\/title>\n<meta name=\"description\" content=\"Compartimos nuestro compromiso de promover la Igualdad de G\u00e9nero en el lugar de trabajo, en alianza con el Programa de Empoderamiento de las Mujeres de la ONU.\" \/>\n<meta name=\"robots\" content=\"index, follow, max-snippet:-1, max-image-preview:large, max-video-preview:-1\" \/>\n<link rel=\"canonical\" href=\"https:\/\/es.abstracta.us\/blog\/medidas-empresariales-igualdad-genero\/\" \/>\n<meta property=\"og:locale\" content=\"es_ES\" \/>\n<meta property=\"og:type\" content=\"article\" \/>\n<meta property=\"og:title\" content=\"Medidas para promover la Igualdad de G\u00e9nero - Nuestra ruta - Abstracta\" \/>\n<meta property=\"og:description\" content=\"Compartimos nuestro compromiso de promover la Igualdad de G\u00e9nero en el lugar de trabajo, en alianza con el Programa de Empoderamiento de las Mujeres de la ONU.\" \/>\n<meta property=\"og:url\" content=\"https:\/\/es.abstracta.us\/blog\/medidas-empresariales-igualdad-genero\/\" \/>\n<meta property=\"og:site_name\" content=\"Blog de Desarrollo de Software, Testing e Inteligencia Artificial | Abstracta\" \/>\n<meta property=\"article:publisher\" content=\"https:\/\/www.facebook.com\/AbstractaChile\/\" \/>\n<meta property=\"article:published_time\" content=\"2021-03-07T20:51:38+00:00\" \/>\n<meta property=\"article:modified_time\" content=\"2021-07-14T01:33:43+00:00\" \/>\n<meta property=\"og:image\" content=\"https:\/\/es.abstracta.us\/wp-content\/uploads\/2021\/03\/medidas-promover-igualdad-genero-abstracta.png\" \/>\n\t<meta property=\"og:image:width\" content=\"560\" \/>\n\t<meta property=\"og:image:height\" content=\"315\" \/>\n\t<meta property=\"og:image:type\" content=\"image\/png\" \/>\n<meta name=\"author\" content=\"Vera Babat, Chief Cultural Officer &amp; AI Enablement Lead at Abstracta\" \/>\n<meta name=\"twitter:card\" content=\"summary_large_image\" \/>\n<meta name=\"twitter:creator\" content=\"@AbstractaChile\" \/>\n<meta name=\"twitter:site\" content=\"@AbstractaChile\" \/>\n<meta name=\"twitter:label1\" content=\"Written by\" \/>\n\t<meta name=\"twitter:data1\" content=\"Vera Babat, Chief Cultural Officer &amp; AI Enablement Lead at Abstracta\" \/>\n\t<meta name=\"twitter:label2\" content=\"Est. reading time\" \/>\n\t<meta name=\"twitter:data2\" content=\"8 minutos\" \/>\n<script type=\"application\/ld+json\" class=\"yoast-schema-graph\">{\"@context\":\"https:\/\/schema.org\",\"@graph\":[{\"@type\":\"Article\",\"@id\":\"https:\/\/es.abstracta.us\/blog\/medidas-empresariales-igualdad-genero\/#article\",\"isPartOf\":{\"@id\":\"https:\/\/es.abstracta.us\/blog\/medidas-empresariales-igualdad-genero\/\"},\"author\":{\"name\":\"Vera Babat, Chief Cultural Officer &amp; AI Enablement Lead at Abstracta\",\"@id\":\"https:\/\/es.abstracta.us\/blog\/#\/schema\/person\/47745b8a2f95c721ebfca492b11edadf\"},\"headline\":\"Medidas para promover la Igualdad de G\u00e9nero &#8211; Nuestra ruta\",\"datePublished\":\"2021-03-07T20:51:38+00:00\",\"dateModified\":\"2021-07-14T01:33:43+00:00\",\"mainEntityOfPage\":{\"@id\":\"https:\/\/es.abstracta.us\/blog\/medidas-empresariales-igualdad-genero\/\"},\"wordCount\":1657,\"commentCount\":0,\"publisher\":{\"@id\":\"https:\/\/es.abstracta.us\/blog\/#organization\"},\"keywords\":[\"Cultura humanista\"],\"articleSection\":[\"Cultura\"],\"inLanguage\":\"es-CL\",\"potentialAction\":[{\"@type\":\"CommentAction\",\"name\":\"Comment\",\"target\":[\"https:\/\/es.abstracta.us\/blog\/medidas-empresariales-igualdad-genero\/#respond\"]}]},{\"@type\":\"WebPage\",\"@id\":\"https:\/\/es.abstracta.us\/blog\/medidas-empresariales-igualdad-genero\/\",\"url\":\"https:\/\/es.abstracta.us\/blog\/medidas-empresariales-igualdad-genero\/\",\"name\":\"Medidas para promover la Igualdad de G\u00e9nero - Nuestra ruta - Abstracta\",\"isPartOf\":{\"@id\":\"https:\/\/es.abstracta.us\/blog\/#website\"},\"datePublished\":\"2021-03-07T20:51:38+00:00\",\"dateModified\":\"2021-07-14T01:33:43+00:00\",\"description\":\"Compartimos nuestro compromiso de promover la Igualdad de G\u00e9nero en el lugar de trabajo, en alianza con el Programa de Empoderamiento de las Mujeres de la ONU.\",\"breadcrumb\":{\"@id\":\"https:\/\/es.abstracta.us\/blog\/medidas-empresariales-igualdad-genero\/#breadcrumb\"},\"inLanguage\":\"es-CL\",\"potentialAction\":[{\"@type\":\"ReadAction\",\"target\":[\"https:\/\/es.abstracta.us\/blog\/medidas-empresariales-igualdad-genero\/\"]}]},{\"@type\":\"BreadcrumbList\",\"@id\":\"https:\/\/es.abstracta.us\/blog\/medidas-empresariales-igualdad-genero\/#breadcrumb\",\"itemListElement\":[{\"@type\":\"ListItem\",\"position\":1,\"name\":\"Home\",\"item\":\"https:\/\/es.abstracta.us\/blog\/\"},{\"@type\":\"ListItem\",\"position\":2,\"name\":\"Medidas para promover la Igualdad de G\u00e9nero &#8211; Nuestra ruta\"}]},{\"@type\":\"WebSite\",\"@id\":\"https:\/\/es.abstracta.us\/blog\/#website\",\"url\":\"https:\/\/es.abstracta.us\/blog\/\",\"name\":\"Abstracta\",\"description\":\"Recursos, buenas pr\u00e1cticas, tendencias y rese\u00f1as de herramientas de desarrollo de software, testing e Inteligencia Artificial.\",\"publisher\":{\"@id\":\"https:\/\/es.abstracta.us\/blog\/#organization\"},\"potentialAction\":[{\"@type\":\"SearchAction\",\"target\":{\"@type\":\"EntryPoint\",\"urlTemplate\":\"https:\/\/es.abstracta.us\/blog\/?s={search_term_string}\"},\"query-input\":\"required name=search_term_string\"}],\"inLanguage\":\"es-CL\"},{\"@type\":\"Organization\",\"@id\":\"https:\/\/es.abstracta.us\/blog\/#organization\",\"name\":\"Abstracta\",\"url\":\"https:\/\/es.abstracta.us\/blog\/\",\"logo\":{\"@type\":\"ImageObject\",\"inLanguage\":\"es-CL\",\"@id\":\"https:\/\/es.abstracta.us\/blog\/#\/schema\/logo\/image\/\",\"url\":\"https:\/\/es.abstracta.us\/wp-content\/uploads\/2024\/03\/abstracta-logo.png\",\"contentUrl\":\"https:\/\/es.abstracta.us\/wp-content\/uploads\/2024\/03\/abstracta-logo.png\",\"width\":1217,\"height\":300,\"caption\":\"Abstracta\"},\"image\":{\"@id\":\"https:\/\/es.abstracta.us\/blog\/#\/schema\/logo\/image\/\"},\"sameAs\":[\"https:\/\/www.instagram.com\/we_are_abstracta\/\",\"https:\/\/www.linkedin.com\/showcase\/abstracta-chile\/\",\"https:\/\/www.youtube.com\/channel\/UCj4dx2LZCRcgM8GzxYEKYeQ\",\"https:\/\/www.facebook.com\/AbstractaChile\/\",\"https:\/\/twitter.com\/AbstractaChile\"]},{\"@type\":\"Person\",\"@id\":\"https:\/\/es.abstracta.us\/blog\/#\/schema\/person\/47745b8a2f95c721ebfca492b11edadf\",\"name\":\"Vera Babat, Chief Cultural Officer &amp; AI Enablement Lead at Abstracta\",\"image\":{\"@type\":\"ImageObject\",\"inLanguage\":\"es-CL\",\"@id\":\"https:\/\/es.abstracta.us\/blog\/#\/schema\/person\/image\/\",\"url\":\"https:\/\/secure.gravatar.com\/avatar\/cb46e53531297d2e74f6c7e36802d4a5?s=96&d=mm&r=g\",\"contentUrl\":\"https:\/\/secure.gravatar.com\/avatar\/cb46e53531297d2e74f6c7e36802d4a5?s=96&d=mm&r=g\",\"caption\":\"Vera Babat, Chief Cultural Officer &amp; AI Enablement Lead at Abstracta\"},\"description\":\"Chief Culture Officer en Abstracta\",\"sameAs\":[\"http:\/\/cl.abstracta.us\",\"https:\/\/www.linkedin.com\/in\/vera-babat\/\"],\"url\":\"https:\/\/es.abstracta.us\/blog\/author\/vera-babat\/\"}]}<\/script>\n<!-- \/ Yoast SEO plugin. -->","yoast_head_json":{"title":"Medidas para promover la Igualdad de G\u00e9nero - Nuestra ruta - Abstracta","description":"Compartimos nuestro compromiso de promover la Igualdad de G\u00e9nero en el lugar de trabajo, en alianza con el Programa de Empoderamiento de las Mujeres de la ONU.","robots":{"index":"index","follow":"follow","max-snippet":"max-snippet:-1","max-image-preview":"max-image-preview:large","max-video-preview":"max-video-preview:-1"},"canonical":"https:\/\/es.abstracta.us\/blog\/medidas-empresariales-igualdad-genero\/","og_locale":"es_ES","og_type":"article","og_title":"Medidas para promover la Igualdad de G\u00e9nero - Nuestra ruta - Abstracta","og_description":"Compartimos nuestro compromiso de promover la Igualdad de G\u00e9nero en el lugar de trabajo, en alianza con el Programa de Empoderamiento de las Mujeres de la ONU.","og_url":"https:\/\/es.abstracta.us\/blog\/medidas-empresariales-igualdad-genero\/","og_site_name":"Blog de Desarrollo de Software, Testing e Inteligencia Artificial | Abstracta","article_publisher":"https:\/\/www.facebook.com\/AbstractaChile\/","article_published_time":"2021-03-07T20:51:38+00:00","article_modified_time":"2021-07-14T01:33:43+00:00","og_image":[{"width":560,"height":315,"url":"https:\/\/es.abstracta.us\/wp-content\/uploads\/2021\/03\/medidas-promover-igualdad-genero-abstracta.png","type":"image\/png"}],"author":"Vera Babat, Chief Cultural Officer &amp; AI Enablement Lead at Abstracta","twitter_card":"summary_large_image","twitter_creator":"@AbstractaChile","twitter_site":"@AbstractaChile","twitter_misc":{"Written by":"Vera Babat, Chief Cultural Officer &amp; AI Enablement Lead at Abstracta","Est. reading time":"8 minutos"},"schema":{"@context":"https:\/\/schema.org","@graph":[{"@type":"Article","@id":"https:\/\/es.abstracta.us\/blog\/medidas-empresariales-igualdad-genero\/#article","isPartOf":{"@id":"https:\/\/es.abstracta.us\/blog\/medidas-empresariales-igualdad-genero\/"},"author":{"name":"Vera Babat, Chief Cultural Officer &amp; AI Enablement Lead at Abstracta","@id":"https:\/\/es.abstracta.us\/blog\/#\/schema\/person\/47745b8a2f95c721ebfca492b11edadf"},"headline":"Medidas para promover la Igualdad de G\u00e9nero &#8211; Nuestra ruta","datePublished":"2021-03-07T20:51:38+00:00","dateModified":"2021-07-14T01:33:43+00:00","mainEntityOfPage":{"@id":"https:\/\/es.abstracta.us\/blog\/medidas-empresariales-igualdad-genero\/"},"wordCount":1657,"commentCount":0,"publisher":{"@id":"https:\/\/es.abstracta.us\/blog\/#organization"},"keywords":["Cultura humanista"],"articleSection":["Cultura"],"inLanguage":"es-CL","potentialAction":[{"@type":"CommentAction","name":"Comment","target":["https:\/\/es.abstracta.us\/blog\/medidas-empresariales-igualdad-genero\/#respond"]}]},{"@type":"WebPage","@id":"https:\/\/es.abstracta.us\/blog\/medidas-empresariales-igualdad-genero\/","url":"https:\/\/es.abstracta.us\/blog\/medidas-empresariales-igualdad-genero\/","name":"Medidas para promover la Igualdad de G\u00e9nero - Nuestra ruta - Abstracta","isPartOf":{"@id":"https:\/\/es.abstracta.us\/blog\/#website"},"datePublished":"2021-03-07T20:51:38+00:00","dateModified":"2021-07-14T01:33:43+00:00","description":"Compartimos nuestro compromiso de promover la Igualdad de G\u00e9nero en el lugar de trabajo, en alianza con el Programa de Empoderamiento de las Mujeres de la ONU.","breadcrumb":{"@id":"https:\/\/es.abstracta.us\/blog\/medidas-empresariales-igualdad-genero\/#breadcrumb"},"inLanguage":"es-CL","potentialAction":[{"@type":"ReadAction","target":["https:\/\/es.abstracta.us\/blog\/medidas-empresariales-igualdad-genero\/"]}]},{"@type":"BreadcrumbList","@id":"https:\/\/es.abstracta.us\/blog\/medidas-empresariales-igualdad-genero\/#breadcrumb","itemListElement":[{"@type":"ListItem","position":1,"name":"Home","item":"https:\/\/es.abstracta.us\/blog\/"},{"@type":"ListItem","position":2,"name":"Medidas para promover la Igualdad de G\u00e9nero &#8211; Nuestra ruta"}]},{"@type":"WebSite","@id":"https:\/\/es.abstracta.us\/blog\/#website","url":"https:\/\/es.abstracta.us\/blog\/","name":"Abstracta","description":"Recursos, buenas pr\u00e1cticas, tendencias y rese\u00f1as de herramientas de desarrollo de software, testing e Inteligencia Artificial.","publisher":{"@id":"https:\/\/es.abstracta.us\/blog\/#organization"},"potentialAction":[{"@type":"SearchAction","target":{"@type":"EntryPoint","urlTemplate":"https:\/\/es.abstracta.us\/blog\/?s={search_term_string}"},"query-input":"required name=search_term_string"}],"inLanguage":"es-CL"},{"@type":"Organization","@id":"https:\/\/es.abstracta.us\/blog\/#organization","name":"Abstracta","url":"https:\/\/es.abstracta.us\/blog\/","logo":{"@type":"ImageObject","inLanguage":"es-CL","@id":"https:\/\/es.abstracta.us\/blog\/#\/schema\/logo\/image\/","url":"https:\/\/es.abstracta.us\/wp-content\/uploads\/2024\/03\/abstracta-logo.png","contentUrl":"https:\/\/es.abstracta.us\/wp-content\/uploads\/2024\/03\/abstracta-logo.png","width":1217,"height":300,"caption":"Abstracta"},"image":{"@id":"https:\/\/es.abstracta.us\/blog\/#\/schema\/logo\/image\/"},"sameAs":["https:\/\/www.instagram.com\/we_are_abstracta\/","https:\/\/www.linkedin.com\/showcase\/abstracta-chile\/","https:\/\/www.youtube.com\/channel\/UCj4dx2LZCRcgM8GzxYEKYeQ","https:\/\/www.facebook.com\/AbstractaChile\/","https:\/\/twitter.com\/AbstractaChile"]},{"@type":"Person","@id":"https:\/\/es.abstracta.us\/blog\/#\/schema\/person\/47745b8a2f95c721ebfca492b11edadf","name":"Vera Babat, Chief Cultural Officer &amp; AI Enablement Lead at Abstracta","image":{"@type":"ImageObject","inLanguage":"es-CL","@id":"https:\/\/es.abstracta.us\/blog\/#\/schema\/person\/image\/","url":"https:\/\/secure.gravatar.com\/avatar\/cb46e53531297d2e74f6c7e36802d4a5?s=96&d=mm&r=g","contentUrl":"https:\/\/secure.gravatar.com\/avatar\/cb46e53531297d2e74f6c7e36802d4a5?s=96&d=mm&r=g","caption":"Vera Babat, Chief Cultural Officer &amp; AI Enablement Lead at Abstracta"},"description":"Chief Culture Officer en Abstracta","sameAs":["http:\/\/cl.abstracta.us","https:\/\/www.linkedin.com\/in\/vera-babat\/"],"url":"https:\/\/es.abstracta.us\/blog\/author\/vera-babat\/"}]}},"jetpack_featured_media_url":"https:\/\/es.abstracta.us\/wp-content\/uploads\/2021\/03\/medidas-promover-igualdad-genero-abstracta.png","_links":{"self":[{"href":"https:\/\/es.abstracta.us\/blog\/wp-json\/wp\/v2\/posts\/5687"}],"collection":[{"href":"https:\/\/es.abstracta.us\/blog\/wp-json\/wp\/v2\/posts"}],"about":[{"href":"https:\/\/es.abstracta.us\/blog\/wp-json\/wp\/v2\/types\/post"}],"author":[{"embeddable":true,"href":"https:\/\/es.abstracta.us\/blog\/wp-json\/wp\/v2\/users\/25"}],"replies":[{"embeddable":true,"href":"https:\/\/es.abstracta.us\/blog\/wp-json\/wp\/v2\/comments?post=5687"}],"version-history":[{"count":40,"href":"https:\/\/es.abstracta.us\/blog\/wp-json\/wp\/v2\/posts\/5687\/revisions"}],"predecessor-version":[{"id":6758,"href":"https:\/\/es.abstracta.us\/blog\/wp-json\/wp\/v2\/posts\/5687\/revisions\/6758"}],"wp:featuredmedia":[{"embeddable":true,"href":"https:\/\/es.abstracta.us\/blog\/wp-json\/wp\/v2\/media\/5723"}],"wp:attachment":[{"href":"https:\/\/es.abstracta.us\/blog\/wp-json\/wp\/v2\/media?parent=5687"}],"wp:term":[{"taxonomy":"category","embeddable":true,"href":"https:\/\/es.abstracta.us\/blog\/wp-json\/wp\/v2\/categories?post=5687"},{"taxonomy":"post_tag","embeddable":true,"href":"https:\/\/es.abstracta.us\/blog\/wp-json\/wp\/v2\/tags?post=5687"}],"curies":[{"name":"wp","href":"https:\/\/api.w.org\/{rel}","templated":true}]}}