{"id":18707,"date":"2024-12-20T16:43:30","date_gmt":"2024-12-20T19:43:30","guid":{"rendered":"https:\/\/es.abstracta.us\/blog\/?p=18707"},"modified":"2024-12-20T18:32:49","modified_gmt":"2024-12-20T21:32:49","slug":"quality-sense-conf-2024","status":"publish","type":"post","link":"https:\/\/es.abstracta.us\/blog\/quality-sense-conf-2024\/","title":{"rendered":"Quality Sense Conf 2024: Transformando el futuro del software de calidad de Am\u00e9rica Latina"},"content":{"rendered":"\n<p>Termina 2024 y queremos contarte todo sobre lo que fue nuestra 3era edici\u00f3n de la Quality Sense Conf. Compartimos testimonios de nuestros <em>speakers<\/em> y <em>sponsors<\/em>, por qu\u00e9 elegimos Colombia como sede, algunas fotos de lo vivenciado, y el anuncio del lanzamiento de Abstracta Copilot.&nbsp;<\/p>\n\n\n\n<figure class=\"wp-block-image\"><img decoding=\"async\" src=\"https:\/\/lh7-rt.googleusercontent.com\/docsz\/AD_4nXdEL_nF4xc2ZHiu8OMIp7-R9HBp_XQFQlj9zQ-VdtPOviVl01nmJPf8jZnTXGj0DteWB--zM67wmS4JwoxS7msYYTD6RoQmGEAuE3KNrSlk9z7B1jkrmMYTaivMDlJNnZFYVSKe?key=dYvP33efBPgwFY6SGQ9dNvaH\" alt=\"\"\/><\/figure>\n\n\n\n<p><strong><em>Por Natalie Rodgers<\/em><\/strong><\/p>\n\n\n\n<p>Con un nuevo a\u00f1o en puerta, compartimos un resumen de lo que fue la <a href=\"https:\/\/qualitysenseconf.com\/\"><em>Quality Sense Conf 2024<\/em><\/a><em> (QSConf) <\/em>en Colombia, un evento que creamos en 2022 con el<strong> objetivo de trascender fronteras y posicionar a Am\u00e9rica Latina como <\/strong><strong><em>hub <\/em><\/strong><strong>digital en el mundo<\/strong>, en relaci\u00f3n al desarrollo de software de calidad.<\/p>\n\n\n\n<p><strong>\u201cLas repercusiones de la 3era edici\u00f3n fueron a\u00fan mucho m\u00e1s all\u00e1 de lo que imaginamos y nos animamos a so\u00f1ar<\/strong>\u201d, exclam\u00f3 <strong>Federico Toledo<\/strong>, cofundador y Chief Quality Officer de Abstracta. \u201cLogramos consolidarlo como uno de los eventos m\u00e1s importantes para la industria en Am\u00e9rica Latina y generar un impacto directo en el desarrollo de calidad gracias a las redes que se forjaron a partir de all\u00ed\u201d, destac\u00f3.&nbsp;<\/p>\n\n\n\n<p>\u201cNo tengo palabras para expresar la emoci\u00f3n que siento al observar este gran evento hecho realidad en nuestra querida Colombia. <strong>Es un hito hist\u00f3rico que no solo visibiliza todo el talento que existe en nuestra regi\u00f3n sino que nos posiciona como un centro de la industria de software de calidad en el mundo<\/strong>\u201d, expres\u00f3 <strong>Mercedes Quintero Martinez<\/strong>, CoCEO de Abstracta Regional desde Popay\u00e1n, capital del departamento del Cauca, Colombia, y fundadora de<a href=\"https:\/\/es.abstracta.us\/blog\/partnership-abstracta-qualitas-desarrollo-software-calidad\/\"> Qualitas Test Team<\/a>.&nbsp;<\/p>\n\n\n\n<p><strong>Organizado por <\/strong><a href=\"https:\/\/es.abstracta.us\/\"><strong>Abstracta<\/strong><\/a><strong> con entrada gratuita<\/strong>, la 3era edici\u00f3n de la QSConf reuni\u00f3 a m\u00e1s de 230 asistentes de 15 pa\u00edses en forma presencial y 2700 de modo virtual, con 35 charlas en espa\u00f1ol e ingl\u00e9s, paneles y talleres de destacados ponentes internacionales.&nbsp;<\/p>\n\n\n\n<p>Con apoyo de <a href=\"https:\/\/www.endava.com\/\">Endava<\/a>, el Auditorio Edificio FIC fue el escenario principal de este evento h\u00edbrido. <a href=\"https:\/\/procolombia.co\/\">PROCOLOMBIA Medell\u00edn<\/a> fue clave en hacer esto posible, mediante su colaboraci\u00f3n para pasajes, hoteles, decoraci\u00f3n y espect\u00e1culo en vivo, con el fin de enriquecer el evento y promover la cultura colombiana.<\/p>\n\n\n\n<p>De esta manera, logramos crear un<strong> ambiente propicio para el <\/strong><strong><em>networking<\/em><\/strong>, con diversas actividades que fomentaron la colaboraci\u00f3n entre profesionales de distintas \u00e1reas del conocimiento.&nbsp;<\/p>\n\n\n\n<p><strong>La tem\u00e1tica principal fue el impacto de la Inteligencia Artificial (IA) en las pruebas de software<\/strong>, con foco en c\u00f3mo estas tecnolog\u00edas est\u00e1n redefiniendo la calidad y eficiencia de los proyectos en la regi\u00f3n, as\u00ed como presentando nuevos retos para entregar software de calidad.<strong>&nbsp;<\/strong><\/p>\n\n\n\n<figure class=\"wp-block-embed is-type-video is-provider-youtube wp-block-embed-youtube wp-embed-aspect-16-9 wp-has-aspect-ratio\"><div class=\"wp-block-embed__wrapper\">\n<iframe loading=\"lazy\" title=\"#QSConf 2024 Colombia (Recap)\" width=\"500\" height=\"281\" src=\"https:\/\/www.youtube.com\/embed\/MOUh8j1ABys?feature=oembed\" frameborder=\"0\" allow=\"accelerometer; autoplay; clipboard-write; encrypted-media; gyroscope; picture-in-picture; web-share\" referrerpolicy=\"strict-origin-when-cross-origin\" allowfullscreen><\/iframe>\n<\/div><\/figure>\n\n\n\n<h2 class=\"wp-block-heading\"><br><strong>Medell\u00edn, escenario de la Quality Sense Conf 2024<\/strong><\/h2>\n\n\n\n<figure class=\"wp-block-image\"><img decoding=\"async\" src=\"https:\/\/lh7-rt.googleusercontent.com\/docsz\/AD_4nXcxoAUDeMVJZO65KrzMv89YWVFkkfJ8rMLXCeMpZRV43apmo7xIBEUJZ6X_-3yYjYLPTrqVZL81QjHWXDYuzB5D-Ee6BI8fkiC9I9rz4Ew8rnbPva_0fHPqNrw6Owy6EkIOUhgINw?key=dYvP33efBPgwFY6SGQ9dNvaH\" alt=\"Coffee break de QSConf 2024\"\/><\/figure>\n\n\n\n<p><strong>Luego del gran impacto de su <\/strong><a href=\"https:\/\/federico-toledo.com\/quality-sense-conf-2022-recuerdos-del-evento\/\"><strong>primera edici\u00f3n en Uruguay en 2022<\/strong><\/a><strong> y la segunda en <\/strong><a href=\"https:\/\/es.abstracta.us\/blog\/quality-sense-conf-evento-tecnologia-calidad-software-latam\/\"><strong>Chile en 2023<\/strong><\/a><strong>, en 2024 el evento dej\u00f3 su huella en Medell\u00edn, Colombia, reconocida como el \u201cDistrito Especial de Ciencia, Tecnolog\u00eda e Innovaci\u00f3n de Colombia\u201d.<\/strong><\/p>\n\n\n\n<p>\u201c<strong>La Quality Sense Conf abre los horizontes de Colombia hacia nuevos proyectos de tecnolog\u00eda<\/strong> que tienen un impacto positivo directo en la sociedad, crecimiento econ\u00f3mico del pa\u00eds y nuestras comunidades, gracias a todos los movimientos globales generados por el evento y extensi\u00f3n del acceso al conocimiento\u201d, subray\u00f3 Mercedes.<\/p>\n\n\n\n<p>\u201cTenemos plena convicci\u00f3n de que Colombia y toda Am\u00e9rica Latina tienen much\u00edsimo potencial para aportar a una industria pujante como las TIC y, a su vez, mucho para crecer. Tanto en infraestructura y servicios digitales como en diversidad y cultura. Por eso, elegimos Colombia para la edici\u00f3n de este evento que es tan esperado por la industria cada a\u00f1o\u201d, finaliz\u00f3.<\/p>\n\n\n\n<p>La elecci\u00f3n de Popay\u00e1n como sede de Abstracta Colombia en <a href=\"https:\/\/es.abstracta.us\/blog\/nueva-oficina-abstracta-colombia\/\">2023<\/a> subraya la convicci\u00f3n de la capacidad de innovaci\u00f3n que reside en el Cauca. Esto tuvo lugar gracias a la fusi\u00f3n entre Qualitas Test Team, empresa colombiana de testing fundada por Mercedes, con el fin de potenciar el desarrollo de software a nivel regional y global.<\/p>\n\n\n\n<h2 class=\"wp-block-heading\"><strong>Ponentes y charlas<\/strong><\/h2>\n\n\n\n<figure class=\"wp-block-image\"><img decoding=\"async\" src=\"https:\/\/lh7-rt.googleusercontent.com\/docsz\/AD_4nXeL9TfDGMBlXLFh91VJs5mmAl6mg-MS3mnPfTyuf7ETFFXC5lI2oD9XF9MjnWxNkq3kC4a0oH911kRKv0xyhqfr86If8ke1x30z6YuwNIg61Z4gXylg0daZ1ItPeULbXx5aV8lzSw?key=dYvP33efBPgwFY6SGQ9dNvaH\" alt=\" Federico Toledo (Abstracta), Mercedes Quintero Mart\u00ednez (Abstracta), Mar\u00eda Clara Choucair (Choucair), Carlos Gauto y Alejandro Duke (Mercadolibre), Diego Molina (Sauce Labs), Carlos Kidman (Quality), Blanca Moreno (QA Minds), Mark Tomilson (Performacology), Emeka Obianwu (Testlio), Juan Jos\u00e9 Torres (Platzi), Leandro Melendez (Grafana), Joel Montvelisky (PractiTest), Winston Castillo (Thoughtworks), Mat\u00edas Fornara (Abstracta) y Mart\u00edn Borba (Endava). \"\/><\/figure>\n\n\n\n<p><strong>La Quality Sense Conference 2024 reuni\u00f3 a un destacado grupo de ponentes de Argentina, Bolivia, Chile, Colombia, Estados Unidos, Israel, M\u00e9xico, Reino Unido, Uruguay, como un reflejo de la diversidad y experiencia global en el \u00e1mbito de la calidad.<\/strong><\/p>\n\n\n\n<p>Entre ellos, destacaron Federico Toledo (Abstracta), Mercedes Quintero Mart\u00ednez (Abstracta), Mar\u00eda Clara Choucair (Choucair), Carlos Gauto y Alejandro Duke (Mercadolibre), Diego Molina (Sauce Labs), Carlos Kidman (Quality), Blanca Moreno (QA Minds), Mark Tomilson (Performacology), Emeka Obianwu (Testlio), Juan Jos\u00e9 Torres (Platzi), Leandro Melendez (Grafana), Joel Montvelisky (PractiTest), Winston Castillo (Thoughtworks), Mat\u00edas Fornara (Abstracta) y Mart\u00edn Borba (Endava). Se pueden consultar todos sus nombres en su <a href=\"https:\/\/qualitysenseconf.com\/#speakers\">sitio oficial.<\/a><\/p>\n\n\n\n<p>El evento estuvo repleto de charlas que profundizaron en nuevas tendencias y aplicaciones pr\u00e1cticas, talleres pr\u00e1cticos e instancias en las cuales participantes y ponentes pudieron interactuar y generar puentes para el desarrollo.&nbsp;<\/p>\n\n\n\n<p><strong>La conferencia fue inaugurada con gran entusiasmo por Federico Toledo y Mercedes Quintero Martinez, quienes resaltaron la importancia de fomentar la colaboraci\u00f3n y la innovaci\u00f3n en la industria.&nbsp;<\/strong><\/p>\n\n\n\n<p>Federico y Mercedes discutieron c\u00f3mo impulsar el futuro de la calidad de software en Latinoam\u00e9rica. La charla destac\u00f3 el papel crucial de las comunidades locales y conferencias especializadas como Quality Sense Conf en el desarrollo profesional y la colaboraci\u00f3n estrat\u00e9gica para posicionar a la regi\u00f3n como un referente global en calidad de software.<\/p>\n\n\n\n<p>Juan Pablo R\u00edos abord\u00f3 los desaf\u00edos del QA moderno en la era de la IA y la Inteligencia Artificial generativa. Habl\u00f3 sobre c\u00f3mo los modelos de lenguaje grande (LLMs) est\u00e1n redefiniendo la calidad de software y los riesgos t\u00e9cnicos y legales de los LLMs y su impacto en las pruebas.<\/p>\n\n\n\n<p>Uno de los paneles destacados fue llevado adelante por Blanca Moreno, Winston Castillo, Mercedes Quintero, Mat\u00edas Fornara y Fabi\u00e1n Baptista, quienes conversaron sobre el impacto de AI en el testing y la automatizaci\u00f3n de pruebas. Adem\u00e1s, Mercedes Remedi, Mark Tomlinson, Alejandra Viglietti, Darrel Farris realizaron un panel sobre c\u00f3mo optimizar la colaboraci\u00f3n con empresas estadounidenses.<\/p>\n\n\n\n<p>Carlos Kidman present\u00f3 una sesi\u00f3n sobre c\u00f3mo construir y probar aplicaciones utilizando modelos de lenguaje de gran escala (LLMs). Por su lado, Mart\u00edn Borba profundiz\u00f3 en la evoluci\u00f3n de las herramientas y la aceleraci\u00f3n del ROI con foco en la IA.&nbsp;<\/p>\n\n\n\n<p><strong>Otra de las charlas m\u00e1s aclamadas fue la de Roger Abelenda,&nbsp; Chief Technology Officer de Abstracta, quien llev\u00f3 adelante una demo en vivo sobre c\u00f3mo los copilotos de IA pueden acelerar y mejorar las operaciones en sistemas bancarios con un caso de estudio en Bantotal.&nbsp;<\/strong><\/p>\n\n\n\n<p><strong>El cierre estuvo a cargo de Federico Toledo con su <\/strong><strong><em>keynote<\/em><\/strong><strong> &#8220;De pioneros a referentes: \u00bfc\u00f3mo aprovechar la ola de la IA para posicionar a Latam en calidad de software?&#8221;<\/strong>. Fue uno de los momentos m\u00e1s esperados e inspiradores del evento, en el cual comparti\u00f3 c\u00f3mo Abstracta ha adoptado la IA desde 2022 y los aprendizajes obtenidos, con foco en su compromiso con la calidad y la \u00e9tica en el uso de IA.&nbsp;<\/p>\n\n\n\n<p>Federico destac\u00f3 la necesidad de liderar con experimentaci\u00f3n y colaboraci\u00f3n para seguir creciendo y anunci\u00f3 la <strong>nueva versi\u00f3n de su <\/strong><a href=\"https:\/\/es.abstracta.us\/libro-introduccion-pruebas-sistemas-de-informacion\"><strong>libro \u201cIntroducci\u00f3n a las pruebas de sistemas de informaci\u00f3n\u201d<\/strong><\/a><strong>, disponible de forma gratuita en formato digital<\/strong>, en conmemoraci\u00f3n de los 10 a\u00f1os de su primera edici\u00f3n.<\/p>\n\n\n\n<h2 class=\"wp-block-heading\"><strong>Algunos testimonios<\/strong><\/h2>\n\n\n\n<figure class=\"wp-block-image\"><img decoding=\"async\" src=\"https:\/\/lh7-rt.googleusercontent.com\/docsz\/AD_4nXdmtJv7KlgQmDmpsRTberWgjqiumX6ZzXH8RazYlIf-LO9p-PVUfgl6QCKIDXy6lr7vTJRstE1S5n4CylszcM7Ewet6G-6gZ8TwOUgJtdKIn05b_bnd2pLOjJzhhawNmxV3RdXu?key=dYvP33efBPgwFY6SGQ9dNvaH\" alt=\"Virginia Herguiz y Gisela Mart\u00ednez\"\/><\/figure>\n\n\n\n<ul class=\"wp-block-list\">\n<li><strong>Virginia H\u00e9rguiz<\/strong>, speaker por parte de <strong>VHR Vida Seguros<\/strong> (sponsor), <strong>Uruguay:<\/strong><\/li>\n<\/ul>\n\n\n\n<p>\u201cLa Quality Sense Conf es una vidriera a Am\u00e9rica Latina. Si tuviera que describir al evento en una frase, dir\u00eda que <strong>es el lugar donde la virtualidad pasa a la realidad y todo comienza<\/strong>. Pude contactarme con muchas personas y tender redes para mi negocio\u201d.<\/p>\n\n\n\n<ul class=\"wp-block-list\">\n<li><strong>Mariela Ramos, Crowdar<\/strong>, sponsor, <strong>Argentina<\/strong>:<\/li>\n<\/ul>\n\n\n\n<p>\u201cApoyamos el evento desde su primer a\u00f1o. La Quality Sense Conf posiciona a la calidad de software de Latam a nivel internacional. Los espacios de networking aportaron a la<strong> generaci\u00f3n de <em>leads<\/em><\/strong>, a dar a conocer nuestra empresa y a establecer nuevos lazos, adem\u00e1s de reforzar los existentes\u201d.<\/p>\n\n\n\n<figure class=\"wp-block-image size-large\"><img loading=\"lazy\" decoding=\"async\" width=\"576\" height=\"1024\" src=\"https:\/\/es.abstracta.us\/wp-content\/uploads\/2024\/12\/unnamed-12-576x1024.jpg\" alt=\"John Osorio (Colombia, Endava), Rodrigo Campos (Chile, performance 360) y Gustavo Ma\u017eeikis (Uruguay, IMM).\" class=\"wp-image-18709\" srcset=\"https:\/\/es.abstracta.us\/wp-content\/uploads\/2024\/12\/unnamed-12-576x1024.jpg 576w, https:\/\/es.abstracta.us\/wp-content\/uploads\/2024\/12\/unnamed-12-169x300.jpg 169w, https:\/\/es.abstracta.us\/wp-content\/uploads\/2024\/12\/unnamed-12-768x1365.jpg 768w, https:\/\/es.abstracta.us\/wp-content\/uploads\/2024\/12\/unnamed-12-864x1536.jpg 864w, https:\/\/es.abstracta.us\/wp-content\/uploads\/2024\/12\/unnamed-12-7x12.jpg 7w, https:\/\/es.abstracta.us\/wp-content\/uploads\/2024\/12\/unnamed-12.jpg 900w\" sizes=\"(max-width: 576px) 100vw, 576px\" \/><\/figure>\n\n\n\n<ul class=\"wp-block-list\">\n<li><strong>Rodrigo Antonio Campos Tapia,<\/strong> <em>speaker <\/em>por parte de <strong>Performance 360<\/strong>, (sponsor), <strong>Chile<\/strong>:&nbsp;<\/li>\n<\/ul>\n\n\n\n<p>\u201cElegimos ser sponsor por la cobertura del evento y la calidad humana en la organizaci\u00f3n. Ha tenido <strong>un impacto en la visi\u00f3n de nuestros objetivos<\/strong> como empresa, lo que hacemos y c\u00f3mo lo hacemos\u201d.<\/p>\n\n\n\n<ul class=\"wp-block-list\">\n<li><strong>Diego Molina<\/strong>, <em>speaker<\/em> por parte de <strong>Sauce Lab <\/strong>(sponsor), <strong>Colombia:<\/strong><\/li>\n<\/ul>\n\n\n\n<p>\u201c<strong>La Quality Sense conf es sin\u00f3nimo de comunidad y fuerza latina<\/strong>. Con pocas ediciones, ya se ha convertido en el evento m\u00e1s importante del testing latino. Sin dudas, ha sido una excelente oportunidad de acercarme a la comunidad latinoamericana\u201d.<\/p>\n\n\n\n<ul class=\"wp-block-list\">\n<li><strong>Leando Melendez<\/strong>, <em>speaker <\/em>por parte de <strong>Grafana<\/strong>, <strong>M\u00e9xico<\/strong>:<\/li>\n<\/ul>\n\n\n\n<p>\u201cMe gusta mucho apoyar al evento y a mis amistades. <strong>\u00a1La Quality Sense Conf cumpli\u00f3 mis expectativas y las excedi\u00f3! <\/strong>El evento es relevante porque difunde en Am\u00e9rica Latina temas pertinentes a QA que no siempre se comparten o se difunden\u201d.&nbsp;<\/p>\n\n\n\n<ul class=\"wp-block-list\">\n<li><strong>Sonali Das<\/strong>, <em>speaker<\/em> por parte de<strong> DWP Digital, Reino Unido<\/strong>:<\/li>\n<\/ul>\n\n\n\n<p>\u201cDurante este evento se trataron muchos temas de actualidad, tanto en l\u00ednea como presencialmente. <strong>Estoy agradecida<\/strong> de ser una peque\u00f1a parte de ello y poder contribuir\u201d.<\/p>\n\n\n\n<figure class=\"wp-block-image\"><img decoding=\"async\" src=\"https:\/\/lh7-rt.googleusercontent.com\/docsz\/AD_4nXftsHNC2oqesXlUgq8hYlLvsfklrsKYfgBQfjgk8fxnrFgFv8IyLIgO873ZD6hlsO2gSGCSUKCEbl0Y3Q9sSKz0efOZFxliG1fFbgzGkbdk5YdNjTwN5iC4xFmO-Sz_U8rVHD54_w?key=dYvP33efBPgwFY6SGQ9dNvaH\" alt=\"Sonali Das en QSConf 2024 virtual\"\/><\/figure>\n\n\n\n<h2 class=\"wp-block-heading\"><strong>Anuncio de Abstracta Copilot<\/strong><\/h2>\n\n\n\n<figure class=\"wp-block-image\"><img decoding=\"async\" src=\"https:\/\/lh7-rt.googleusercontent.com\/docsz\/AD_4nXdtF607XDXDR6uk1qVgg07hr1b-OllDO_NOvwO7Yjs2K6yXu6QypzD72CPJf3hnaMHHCDgg3CngDRQa3t84TgHkGfWCFqyymEjs7EGS-S-RbErl9nZvodPuxKQpv3LDeEbWpbiUWA?key=dYvP33efBPgwFY6SGQ9dNvaH\" alt=\"\"\/><\/figure>\n\n\n\n<p>Durante su charla en la Quality Sense Conf 2024, Roger Abelenda anunci\u00f3 <a href=\"https:\/\/es.abstracta.us\/soluciones\/abstracta-copilot\"><strong>Abstracta Copilot<\/strong><\/a>, una nueva herramienta impulsada por IA desarrollada en colaboraci\u00f3n con el Co-Innovation Lab de Microsoft, con el<strong> fin de mejorar la calidad y eficiencia de las pruebas de software.<\/strong><\/p>\n\n\n\n<p>Este lanzamiento marca un hito importante en la misi\u00f3n de Abstracta de liderar la innovaci\u00f3n en la industria del software.<\/p>\n\n\n\n<p>Abstracta Copilot utiliza procesamiento de lenguaje natural para automatizar tareas clave como la generaci\u00f3n de historias de usuario, creaci\u00f3n de casos de prueba y ejecuci\u00f3n de consultas SQL. La herramienta ya ha logrado los siguientes objetivos:<\/p>\n\n\n\n<ul class=\"wp-block-list\">\n<li><strong>Reducci\u00f3n de costos de proyecto en un 25%.<\/strong><\/li>\n\n\n\n<li><strong>Aumento de la productividad en un 30%<\/strong><\/li>\n\n\n\n<li><strong>Aceleraci\u00f3n de pruebas de API en un 40%.<\/strong><\/li>\n\n\n\n<li><strong>Disminuci\u00f3n del tiempo de ejecuci\u00f3n de consultas SQL en un 50%.<\/strong><\/li>\n<\/ul>\n\n\n\n<p>\u201c<strong>La IA est\u00e1 transformando nuestra industria a un ritmo incre\u00edble.<\/strong> Hoy podemos automatizar e innovar m\u00e1s r\u00e1pido que nunca antes. A\u00fan as\u00ed, <strong>en Abstracta creemos firmemente que los humanos seguimos siendo el centro de esta transformaci\u00f3n<\/strong>\u201d, afirm\u00f3<strong> Sof\u00eda Palamarchuk<\/strong>, CoCEO de Abstracta.&nbsp;<\/p>\n\n\n\n<p><strong>\u201cAbstracta Copilot es un claro ejemplo de c\u00f3mo la tecnolog\u00eda y la experiencia humana pueden trabajar de forma conjunta para lograr resultados a\u00fan mejores<\/strong>\u201c, concluy\u00f3.<\/p>\n\n\n\n<p><strong>\u00bfQuieres saber m\u00e1s sobre Abstracta Copilot? Puedes encontrar m\u00e1s informaci\u00f3n haciendo <\/strong><a href=\"https:\/\/es.abstracta.us\/blog\/abstracta-copilot-la-revolucion-en-pruebas-de-software-con-ia\/\"><strong>clic aqu\u00ed<\/strong><\/a><strong>.<\/strong><\/p>\n\n\n\n<h2 class=\"wp-block-heading\"><strong>Acerca de Abstracta:<\/strong><\/h2>\n\n\n\n<p>Con m\u00e1s de 16 a\u00f1os de experiencia y presencia global, Abstracta es una empresa l\u00edder en soluciones tecnol\u00f3gicas, especializada en <a href=\"https:\/\/es.abstracta.us\/soluciones\/\">servicios de pruebas de software<\/a> y <a href=\"https:\/\/es.abstracta.us\/soluciones\/desarrollo-software-inteligencia-artificial\">desarrollo de software impulsado por IA<\/a>.<\/p>\n\n\n\n<p>Creemos que construir v\u00ednculos s\u00f3lidos nos impulsa a avanzar y a mejorar el software que desarrollamos. Es por eso que hemos forjado alianzas estrat\u00e9gicas con l\u00edderes de la industria tales como<a href=\"https:\/\/www.microsoft.com\/\"> Microsoft<\/a>,<a href=\"https:\/\/abstracta.us\/solutions\/datadog\"> Datadog<\/a>,<a href=\"https:\/\/www.tricentis.com\/\"> Tricentis<\/a> y<a href=\"https:\/\/www.perforce.com\/\"> Perforce<\/a>, lo que nos permite incorporar tecnolog\u00edas de vanguardia como parte de nuestros servicios.<\/p>\n\n\n\n<p class=\"has-text-align-center has-background\" style=\"background-color:#f0f0f0\"><a href=\"https:\/\/es.abstracta.us\/contactanos\"><strong>Cont\u00e1ctanos<\/strong><\/a><strong> para conversar sobre c\u00f3mo podemos ayudarte a hacer crecer tu negocio.<\/strong><\/p>\n\n\n\n<figure class=\"wp-block-image\"><img decoding=\"async\" src=\"https:\/\/lh7-rt.googleusercontent.com\/docsz\/AD_4nXcxs9JGDM9bnCGxuFiRU9HaEUvIPPwDOwOY7-hr0QoSzcAR-cNi57w0UmYcQZYUbpsbPdrCgv5hW-1GXsf7WOpNNdyUSSOADFo767Hj5wmjMtUv7HkH4nNy3ajYgqd6aepPCp4jQA?key=dYvP33efBPgwFY6SGQ9dNvaH\" alt=\"\"\/><\/figure>\n\n\n\n<p><strong>\u00a1S\u00edguenos en<\/strong><a href=\"https:\/\/www.linkedin.com\/company\/abstracta-latam\/\"><strong> LinkedIn<\/strong><\/a><strong>,<\/strong><a href=\"https:\/\/x.com\/AbstractaLatam\"><strong> X<\/strong><\/a><strong>,<\/strong><a href=\"https:\/\/web.facebook.com\/AbstractaLatam\"><strong> Facebook<\/strong><\/a><strong>,<\/strong><a href=\"https:\/\/bit.ly\/Instagram-Abstracta-Latam\"><strong> Instagram<\/strong><\/a><strong> y<\/strong><a href=\"https:\/\/bit.ly\/YT-Abstracta\"><strong> YouTube<\/strong><\/a><strong> para ser parte de nuestra comunidad!<\/strong><\/p>\n\n\n\n<p><strong>Art\u00edculos recomendados<\/strong><strong><br><\/strong><a href=\"https:\/\/es.abstracta.us\/blog\/seo-en-era-de-llms\/\">SEO en la era de los LLMs: c\u00f3mo adaptar tus estrategias<br><\/a><a href=\"https:\/\/es.abstracta.us\/blog\/ux-writing-contenidos-impactantes-para-experiencias-memorables\/\">UX Writing: contenidos impactantes para experiencias efectivas y memorables<br><\/a><a href=\"https:\/\/es.abstracta.us\/blog\/inteligencia-artificial-en-la-salud-y-medicina\/\">Gu\u00eda sobre Inteligencia Artificial en la salud y medicina<\/a><\/p>\n\n\n\n<p><\/p>\n","protected":false},"excerpt":{"rendered":"<p>Termina 2024 y queremos contarte todo sobre lo que fue nuestra 3era edici\u00f3n de la Quality Sense Conf. Compartimos testimonios de nuestros speakers y sponsors, por qu\u00e9 elegimos Colombia como sede, algunas fotos de lo vivenciado, y el anuncio del lanzamiento de Abstracta Copilot.&nbsp; Por&#8230;<\/p>\n","protected":false},"author":35,"featured_media":18708,"comment_status":"open","ping_status":"open","sticky":false,"template":"","format":"standard","meta":{"footnotes":""},"categories":[6],"tags":[259],"class_list":["post-18707","post","type-post","status-publish","format-standard","has-post-thumbnail","hentry","category-cultura","tag-qsconf-2024"],"yoast_head":"<!-- This site is optimized with the Yoast SEO plugin v19.13 - https:\/\/yoast.com\/wordpress\/plugins\/seo\/ -->\n<title>Quality Sense Conf 2024 | Abstracta<\/title>\n<meta name=\"description\" content=\"Enterate de todo sobre la 3era edici\u00f3n de la Quality Sense Conf, un evento sobre calidad de software que est\u00e1 posicionando a Am\u00e9rica Latina como hub digital en el mundo.\" \/>\n<meta name=\"robots\" content=\"index, follow, max-snippet:-1, max-image-preview:large, max-video-preview:-1\" \/>\n<link rel=\"canonical\" href=\"https:\/\/es.abstracta.us\/blog\/quality-sense-conf-2024\/\" \/>\n<meta property=\"og:locale\" content=\"es_ES\" \/>\n<meta property=\"og:type\" content=\"article\" \/>\n<meta property=\"og:title\" content=\"Quality Sense Conf 2024 | Abstracta\" \/>\n<meta property=\"og:description\" content=\"Enterate de todo sobre la 3era edici\u00f3n de la Quality Sense Conf, un evento sobre calidad de software que est\u00e1 posicionando a Am\u00e9rica Latina como hub digital en el mundo.\" \/>\n<meta property=\"og:url\" content=\"https:\/\/es.abstracta.us\/blog\/quality-sense-conf-2024\/\" \/>\n<meta property=\"og:site_name\" content=\"Blog de Desarrollo de Software, Testing e Inteligencia Artificial | Abstracta\" \/>\n<meta property=\"article:publisher\" content=\"https:\/\/www.facebook.com\/AbstractaChile\/\" \/>\n<meta property=\"article:published_time\" content=\"2024-12-20T19:43:30+00:00\" \/>\n<meta property=\"article:modified_time\" content=\"2024-12-20T21:32:49+00:00\" \/>\n<meta property=\"og:image\" content=\"https:\/\/es.abstracta.us\/wp-content\/uploads\/2024\/12\/Copy-of-Abstracta-Blogs-Portadas-Template-2-1024x576.png\" \/>\n\t<meta property=\"og:image:width\" content=\"1024\" \/>\n\t<meta property=\"og:image:height\" content=\"576\" \/>\n\t<meta property=\"og:image:type\" content=\"image\/png\" \/>\n<meta name=\"author\" content=\"Natalie Rodgers, Marketing Team Lead\" \/>\n<meta name=\"twitter:card\" content=\"summary_large_image\" \/>\n<meta name=\"twitter:creator\" content=\"@AbstractaChile\" \/>\n<meta name=\"twitter:site\" content=\"@AbstractaChile\" \/>\n<meta name=\"twitter:label1\" content=\"Written by\" \/>\n\t<meta name=\"twitter:data1\" content=\"Natalie Rodgers, Marketing Team Lead\" \/>\n\t<meta name=\"twitter:label2\" content=\"Est. reading time\" \/>\n\t<meta name=\"twitter:data2\" content=\"10 minutos\" \/>\n<script type=\"application\/ld+json\" class=\"yoast-schema-graph\">{\"@context\":\"https:\/\/schema.org\",\"@graph\":[{\"@type\":\"Article\",\"@id\":\"https:\/\/es.abstracta.us\/blog\/quality-sense-conf-2024\/#article\",\"isPartOf\":{\"@id\":\"https:\/\/es.abstracta.us\/blog\/quality-sense-conf-2024\/\"},\"author\":{\"name\":\"Natalie Rodgers, Marketing Team Lead\",\"@id\":\"https:\/\/es.abstracta.us\/blog\/#\/schema\/person\/b7978e8cd73ff3ed2dcc7e127499b4cb\"},\"headline\":\"Quality Sense Conf 2024: Transformando el futuro del software de calidad de Am\u00e9rica Latina\",\"datePublished\":\"2024-12-20T19:43:30+00:00\",\"dateModified\":\"2024-12-20T21:32:49+00:00\",\"mainEntityOfPage\":{\"@id\":\"https:\/\/es.abstracta.us\/blog\/quality-sense-conf-2024\/\"},\"wordCount\":1954,\"commentCount\":0,\"publisher\":{\"@id\":\"https:\/\/es.abstracta.us\/blog\/#organization\"},\"keywords\":[\"QSConf 2024\"],\"articleSection\":[\"Cultura\"],\"inLanguage\":\"es-CL\",\"potentialAction\":[{\"@type\":\"CommentAction\",\"name\":\"Comment\",\"target\":[\"https:\/\/es.abstracta.us\/blog\/quality-sense-conf-2024\/#respond\"]}]},{\"@type\":\"WebPage\",\"@id\":\"https:\/\/es.abstracta.us\/blog\/quality-sense-conf-2024\/\",\"url\":\"https:\/\/es.abstracta.us\/blog\/quality-sense-conf-2024\/\",\"name\":\"Quality Sense Conf 2024 | Abstracta\",\"isPartOf\":{\"@id\":\"https:\/\/es.abstracta.us\/blog\/#website\"},\"datePublished\":\"2024-12-20T19:43:30+00:00\",\"dateModified\":\"2024-12-20T21:32:49+00:00\",\"description\":\"Enterate de todo sobre la 3era edici\u00f3n de la Quality Sense Conf, un evento sobre calidad de software que est\u00e1 posicionando a Am\u00e9rica Latina como hub digital en el mundo.\",\"breadcrumb\":{\"@id\":\"https:\/\/es.abstracta.us\/blog\/quality-sense-conf-2024\/#breadcrumb\"},\"inLanguage\":\"es-CL\",\"potentialAction\":[{\"@type\":\"ReadAction\",\"target\":[\"https:\/\/es.abstracta.us\/blog\/quality-sense-conf-2024\/\"]}]},{\"@type\":\"BreadcrumbList\",\"@id\":\"https:\/\/es.abstracta.us\/blog\/quality-sense-conf-2024\/#breadcrumb\",\"itemListElement\":[{\"@type\":\"ListItem\",\"position\":1,\"name\":\"Home\",\"item\":\"https:\/\/es.abstracta.us\/blog\/\"},{\"@type\":\"ListItem\",\"position\":2,\"name\":\"Quality Sense Conf 2024: Transformando el futuro del software de calidad de Am\u00e9rica Latina\"}]},{\"@type\":\"WebSite\",\"@id\":\"https:\/\/es.abstracta.us\/blog\/#website\",\"url\":\"https:\/\/es.abstracta.us\/blog\/\",\"name\":\"Abstracta\",\"description\":\"Recursos, buenas pr\u00e1cticas, tendencias y rese\u00f1as de herramientas de desarrollo de software, testing e Inteligencia Artificial.\",\"publisher\":{\"@id\":\"https:\/\/es.abstracta.us\/blog\/#organization\"},\"potentialAction\":[{\"@type\":\"SearchAction\",\"target\":{\"@type\":\"EntryPoint\",\"urlTemplate\":\"https:\/\/es.abstracta.us\/blog\/?s={search_term_string}\"},\"query-input\":\"required name=search_term_string\"}],\"inLanguage\":\"es-CL\"},{\"@type\":\"Organization\",\"@id\":\"https:\/\/es.abstracta.us\/blog\/#organization\",\"name\":\"Abstracta\",\"url\":\"https:\/\/es.abstracta.us\/blog\/\",\"logo\":{\"@type\":\"ImageObject\",\"inLanguage\":\"es-CL\",\"@id\":\"https:\/\/es.abstracta.us\/blog\/#\/schema\/logo\/image\/\",\"url\":\"https:\/\/es.abstracta.us\/wp-content\/uploads\/2024\/03\/abstracta-logo.png\",\"contentUrl\":\"https:\/\/es.abstracta.us\/wp-content\/uploads\/2024\/03\/abstracta-logo.png\",\"width\":1217,\"height\":300,\"caption\":\"Abstracta\"},\"image\":{\"@id\":\"https:\/\/es.abstracta.us\/blog\/#\/schema\/logo\/image\/\"},\"sameAs\":[\"https:\/\/www.instagram.com\/we_are_abstracta\/\",\"https:\/\/www.linkedin.com\/showcase\/abstracta-chile\/\",\"https:\/\/www.youtube.com\/channel\/UCj4dx2LZCRcgM8GzxYEKYeQ\",\"https:\/\/www.facebook.com\/AbstractaChile\/\",\"https:\/\/twitter.com\/AbstractaChile\"]},{\"@type\":\"Person\",\"@id\":\"https:\/\/es.abstracta.us\/blog\/#\/schema\/person\/b7978e8cd73ff3ed2dcc7e127499b4cb\",\"name\":\"Natalie Rodgers, Marketing Team Lead\",\"image\":{\"@type\":\"ImageObject\",\"inLanguage\":\"es-CL\",\"@id\":\"https:\/\/es.abstracta.us\/blog\/#\/schema\/person\/image\/\",\"url\":\"https:\/\/secure.gravatar.com\/avatar\/9a23da822367e20ddb98b59d5273eb3e?s=96&d=mm&r=g\",\"contentUrl\":\"https:\/\/secure.gravatar.com\/avatar\/9a23da822367e20ddb98b59d5273eb3e?s=96&d=mm&r=g\",\"caption\":\"Natalie Rodgers, Marketing Team Lead\"},\"sameAs\":[\"https:\/\/es.abstracta.us\/\"],\"url\":\"https:\/\/es.abstracta.us\/blog\/author\/natalie-rodgers\/\"}]}<\/script>\n<!-- \/ Yoast SEO plugin. -->","yoast_head_json":{"title":"Quality Sense Conf 2024 | Abstracta","description":"Enterate de todo sobre la 3era edici\u00f3n de la Quality Sense Conf, un evento sobre calidad de software que est\u00e1 posicionando a Am\u00e9rica Latina como hub digital en el mundo.","robots":{"index":"index","follow":"follow","max-snippet":"max-snippet:-1","max-image-preview":"max-image-preview:large","max-video-preview":"max-video-preview:-1"},"canonical":"https:\/\/es.abstracta.us\/blog\/quality-sense-conf-2024\/","og_locale":"es_ES","og_type":"article","og_title":"Quality Sense Conf 2024 | Abstracta","og_description":"Enterate de todo sobre la 3era edici\u00f3n de la Quality Sense Conf, un evento sobre calidad de software que est\u00e1 posicionando a Am\u00e9rica Latina como hub digital en el mundo.","og_url":"https:\/\/es.abstracta.us\/blog\/quality-sense-conf-2024\/","og_site_name":"Blog de Desarrollo de Software, Testing e Inteligencia Artificial | Abstracta","article_publisher":"https:\/\/www.facebook.com\/AbstractaChile\/","article_published_time":"2024-12-20T19:43:30+00:00","article_modified_time":"2024-12-20T21:32:49+00:00","og_image":[{"width":1024,"height":576,"url":"https:\/\/es.abstracta.us\/wp-content\/uploads\/2024\/12\/Copy-of-Abstracta-Blogs-Portadas-Template-2-1024x576.png","type":"image\/png"}],"author":"Natalie Rodgers, Marketing Team Lead","twitter_card":"summary_large_image","twitter_creator":"@AbstractaChile","twitter_site":"@AbstractaChile","twitter_misc":{"Written by":"Natalie Rodgers, Marketing Team Lead","Est. reading time":"10 minutos"},"schema":{"@context":"https:\/\/schema.org","@graph":[{"@type":"Article","@id":"https:\/\/es.abstracta.us\/blog\/quality-sense-conf-2024\/#article","isPartOf":{"@id":"https:\/\/es.abstracta.us\/blog\/quality-sense-conf-2024\/"},"author":{"name":"Natalie Rodgers, Marketing Team Lead","@id":"https:\/\/es.abstracta.us\/blog\/#\/schema\/person\/b7978e8cd73ff3ed2dcc7e127499b4cb"},"headline":"Quality Sense Conf 2024: Transformando el futuro del software de calidad de Am\u00e9rica Latina","datePublished":"2024-12-20T19:43:30+00:00","dateModified":"2024-12-20T21:32:49+00:00","mainEntityOfPage":{"@id":"https:\/\/es.abstracta.us\/blog\/quality-sense-conf-2024\/"},"wordCount":1954,"commentCount":0,"publisher":{"@id":"https:\/\/es.abstracta.us\/blog\/#organization"},"keywords":["QSConf 2024"],"articleSection":["Cultura"],"inLanguage":"es-CL","potentialAction":[{"@type":"CommentAction","name":"Comment","target":["https:\/\/es.abstracta.us\/blog\/quality-sense-conf-2024\/#respond"]}]},{"@type":"WebPage","@id":"https:\/\/es.abstracta.us\/blog\/quality-sense-conf-2024\/","url":"https:\/\/es.abstracta.us\/blog\/quality-sense-conf-2024\/","name":"Quality Sense Conf 2024 | Abstracta","isPartOf":{"@id":"https:\/\/es.abstracta.us\/blog\/#website"},"datePublished":"2024-12-20T19:43:30+00:00","dateModified":"2024-12-20T21:32:49+00:00","description":"Enterate de todo sobre la 3era edici\u00f3n de la Quality Sense Conf, un evento sobre calidad de software que est\u00e1 posicionando a Am\u00e9rica Latina como hub digital en el mundo.","breadcrumb":{"@id":"https:\/\/es.abstracta.us\/blog\/quality-sense-conf-2024\/#breadcrumb"},"inLanguage":"es-CL","potentialAction":[{"@type":"ReadAction","target":["https:\/\/es.abstracta.us\/blog\/quality-sense-conf-2024\/"]}]},{"@type":"BreadcrumbList","@id":"https:\/\/es.abstracta.us\/blog\/quality-sense-conf-2024\/#breadcrumb","itemListElement":[{"@type":"ListItem","position":1,"name":"Home","item":"https:\/\/es.abstracta.us\/blog\/"},{"@type":"ListItem","position":2,"name":"Quality Sense Conf 2024: Transformando el futuro del software de calidad de Am\u00e9rica Latina"}]},{"@type":"WebSite","@id":"https:\/\/es.abstracta.us\/blog\/#website","url":"https:\/\/es.abstracta.us\/blog\/","name":"Abstracta","description":"Recursos, buenas pr\u00e1cticas, tendencias y rese\u00f1as de herramientas de desarrollo de software, testing e Inteligencia Artificial.","publisher":{"@id":"https:\/\/es.abstracta.us\/blog\/#organization"},"potentialAction":[{"@type":"SearchAction","target":{"@type":"EntryPoint","urlTemplate":"https:\/\/es.abstracta.us\/blog\/?s={search_term_string}"},"query-input":"required name=search_term_string"}],"inLanguage":"es-CL"},{"@type":"Organization","@id":"https:\/\/es.abstracta.us\/blog\/#organization","name":"Abstracta","url":"https:\/\/es.abstracta.us\/blog\/","logo":{"@type":"ImageObject","inLanguage":"es-CL","@id":"https:\/\/es.abstracta.us\/blog\/#\/schema\/logo\/image\/","url":"https:\/\/es.abstracta.us\/wp-content\/uploads\/2024\/03\/abstracta-logo.png","contentUrl":"https:\/\/es.abstracta.us\/wp-content\/uploads\/2024\/03\/abstracta-logo.png","width":1217,"height":300,"caption":"Abstracta"},"image":{"@id":"https:\/\/es.abstracta.us\/blog\/#\/schema\/logo\/image\/"},"sameAs":["https:\/\/www.instagram.com\/we_are_abstracta\/","https:\/\/www.linkedin.com\/showcase\/abstracta-chile\/","https:\/\/www.youtube.com\/channel\/UCj4dx2LZCRcgM8GzxYEKYeQ","https:\/\/www.facebook.com\/AbstractaChile\/","https:\/\/twitter.com\/AbstractaChile"]},{"@type":"Person","@id":"https:\/\/es.abstracta.us\/blog\/#\/schema\/person\/b7978e8cd73ff3ed2dcc7e127499b4cb","name":"Natalie Rodgers, Marketing Team Lead","image":{"@type":"ImageObject","inLanguage":"es-CL","@id":"https:\/\/es.abstracta.us\/blog\/#\/schema\/person\/image\/","url":"https:\/\/secure.gravatar.com\/avatar\/9a23da822367e20ddb98b59d5273eb3e?s=96&d=mm&r=g","contentUrl":"https:\/\/secure.gravatar.com\/avatar\/9a23da822367e20ddb98b59d5273eb3e?s=96&d=mm&r=g","caption":"Natalie Rodgers, Marketing Team Lead"},"sameAs":["https:\/\/es.abstracta.us\/"],"url":"https:\/\/es.abstracta.us\/blog\/author\/natalie-rodgers\/"}]}},"jetpack_featured_media_url":"https:\/\/es.abstracta.us\/wp-content\/uploads\/2024\/12\/Copy-of-Abstracta-Blogs-Portadas-Template-2.png","_links":{"self":[{"href":"https:\/\/es.abstracta.us\/blog\/wp-json\/wp\/v2\/posts\/18707"}],"collection":[{"href":"https:\/\/es.abstracta.us\/blog\/wp-json\/wp\/v2\/posts"}],"about":[{"href":"https:\/\/es.abstracta.us\/blog\/wp-json\/wp\/v2\/types\/post"}],"author":[{"embeddable":true,"href":"https:\/\/es.abstracta.us\/blog\/wp-json\/wp\/v2\/users\/35"}],"replies":[{"embeddable":true,"href":"https:\/\/es.abstracta.us\/blog\/wp-json\/wp\/v2\/comments?post=18707"}],"version-history":[{"count":2,"href":"https:\/\/es.abstracta.us\/blog\/wp-json\/wp\/v2\/posts\/18707\/revisions"}],"predecessor-version":[{"id":18712,"href":"https:\/\/es.abstracta.us\/blog\/wp-json\/wp\/v2\/posts\/18707\/revisions\/18712"}],"wp:featuredmedia":[{"embeddable":true,"href":"https:\/\/es.abstracta.us\/blog\/wp-json\/wp\/v2\/media\/18708"}],"wp:attachment":[{"href":"https:\/\/es.abstracta.us\/blog\/wp-json\/wp\/v2\/media?parent=18707"}],"wp:term":[{"taxonomy":"category","embeddable":true,"href":"https:\/\/es.abstracta.us\/blog\/wp-json\/wp\/v2\/categories?post=18707"},{"taxonomy":"post_tag","embeddable":true,"href":"https:\/\/es.abstracta.us\/blog\/wp-json\/wp\/v2\/tags?post=18707"}],"curies":[{"name":"wp","href":"https:\/\/api.w.org\/{rel}","templated":true}]}}