{"id":17812,"date":"2022-12-16T15:43:00","date_gmt":"2022-12-16T18:43:00","guid":{"rendered":"https:\/\/es.abstracta.us\/blog\/?p=17812"},"modified":"2024-05-15T15:45:04","modified_gmt":"2024-05-15T19:45:04","slug":"dia-internacional-migrante-aportes-comunidad-abstracta","status":"publish","type":"post","link":"https:\/\/es.abstracta.us\/blog\/dia-internacional-migrante-aportes-comunidad-abstracta\/","title":{"rendered":"D\u00eda Internacional del Migrante: aportes de Abstracta a la comunidad"},"content":{"rendered":"\n<p id=\"45a5\">M\u00e1s del 10% de las personas que trabajan en Abstracta son migrantes, y muchas de ellas se encuentran hoy en franco crecimiento en la compa\u00f1\u00eda. Por otro lado, generamos programas en pos de personas migrantes o refugiadas por fuera de la comunidad abstractera. Ent\u00e9rate por qu\u00e9 todo esto es tan relevante y conoce algunos testimonios en este art\u00edculo.<\/p>\n\n\n<div class=\"wp-block-image\">\n<figure class=\"aligncenter size-full\"><img loading=\"lazy\" decoding=\"async\" width=\"838\" height=\"626\" src=\"https:\/\/es.abstracta.us\/wp-content\/uploads\/2024\/05\/dia-internacional-migrante-aportes-comunidad-abstracta.png\" alt=\"\" class=\"wp-image-17817\" srcset=\"https:\/\/es.abstracta.us\/wp-content\/uploads\/2024\/05\/dia-internacional-migrante-aportes-comunidad-abstracta.png 838w, https:\/\/es.abstracta.us\/wp-content\/uploads\/2024\/05\/dia-internacional-migrante-aportes-comunidad-abstracta-300x224.png 300w, https:\/\/es.abstracta.us\/wp-content\/uploads\/2024\/05\/dia-internacional-migrante-aportes-comunidad-abstracta-768x574.png 768w, https:\/\/es.abstracta.us\/wp-content\/uploads\/2024\/05\/dia-internacional-migrante-aportes-comunidad-abstracta-16x12.png 16w\" sizes=\"(max-width: 838px) 100vw, 838px\" \/><\/figure><\/div>\n\n\n<p id=\"4c9a\"><strong>El aporte de las personas migrantes en el mercado laboral es invaluable en nuestra sociedad globalizada.&nbsp;<\/strong>Trabajar para ofrecerles oportunidades de inserci\u00f3n laboral y crecimiento es una acci\u00f3n cargada de sentidos: colaborar con su integraci\u00f3n social y ayudarlas a mejorar su calidad de vida; construir una sociedad m\u00e1s justa y diversa, con igualdad de oportunidades; y contribuir con el desarrollo econ\u00f3mico de la sociedad, a trav\u00e9s de sus aportes.<\/p>\n\n\n\n<p id=\"da11\">\u201cExisten diversos factores que inciden en los movimientos de poblaci\u00f3n. Dichos movimientos, que pueden ser voluntarios o forzosos, son el resultado de desastres, crisis econ\u00f3micas y situaciones de pobreza extrema o conflicto, cuya magnitud y frecuencia no dejan de aumentar\u2026\u201d, aseguran desde la&nbsp;<a href=\"https:\/\/www.un.org\/es\/observances\/migrants-day\" rel=\"noreferrer noopener\" target=\"_blank\">p\u00e1gina oficial<\/a>&nbsp;de la ONU. \u201cGracias a sus conocimientos, redes y competencias, los migrantes contribuyen a forjar comunidades m\u00e1s fuertes y resilientes\u201d, contin\u00faan.<\/p>\n\n\n\n<p id=\"a47b\"><strong>En Abstracta, tenemos plena consciencia de los grandes aportes que pueden realizar las personas migrantes y refugiadas en nuestra sociedad, a trav\u00e9s de su diversidad de historias. \u00bfDe qu\u00e9 forma? Gracias a su resiliencia, perseverancia y adaptabilidad, que se constituyen como valiosas habilidades en la industria IT. Entonces, adem\u00e1s de que su inclusi\u00f3n social es clave en pos de una sociedad m\u00e1s igualitaria, sus perspectivas individuales y formas de hacer las cosas se traducen como aportes esenciales en nuestro trabajo diario.<\/strong><\/p>\n\n\n\n<p id=\"be14\">La diversidad e interculturalidad en las empresas indefectiblemente enriquece las culturas organizacionales, mediante perspectivas m\u00e1s amplias. La gesti\u00f3n de acciones afirmativas en este aspecto resulta fundamental para fomentar la igualdad de oportunidades y, al mismo tiempo, el crecimiento de las corporaciones.<\/p>\n\n\n\n<p id=\"d38d\"><strong>Es por ello que en Abstracta, una empresa integrada por m\u00e1s de 150 personas, m\u00e1s del 10% del total son migrantes que viven en Uruguay.&nbsp;<\/strong>Provienen de Cuba, Paraguay, Venezuela, Reino Unido y Estados Unidos. Adem\u00e1s, contamos con miembros trabajando para la empresa desde otros pa\u00edses, algunos de los cuales tambi\u00e9n realizaron procesos de migraci\u00f3n.<\/p>\n\n\n\n<p id=\"4986\"><strong>Arcadio Abad M\u00e1rquez&nbsp;es cubano, Ingeniero en Ciencias Inform\u00e1ticas<\/strong>, y lleg\u00f3 a Uruguay en septiembre de 2015, en busca de tierra f\u00e9rtil, con buenas condiciones para echar ra\u00edces y formar una familia.<\/p>\n\n\n\n<blockquote class=\"wp-block-quote is-layout-flow wp-block-quote-is-layout-flow\">\n<p id=\"7b32\">\u201cNo tra\u00edamos mucho dinero y, hab\u00eda que conseguir trabajo antes de que se acabara.&nbsp;<strong>Ser contratado por Abstracta fue la oportunidad de levantar la cabeza<\/strong>&nbsp;y decir: \u00a1vamos que t\u00fa puedes! Pude empezar a so\u00f1ar en grande y llevar tranquilidad para toda mi familia\u201d, relat\u00f3 Arcadio, quien&nbsp;<strong>hoy se desempe\u00f1a como l\u00edder de testing de software y realiza grandes aportes<\/strong>&nbsp;en sus equipos y proyectos locales e internacionales.<\/p>\n<\/blockquote>\n\n\n<div class=\"wp-block-image\">\n<figure class=\"aligncenter is-resized\"><img loading=\"lazy\" decoding=\"async\" src=\"https:\/\/miro.medium.com\/v2\/resize:fit:630\/0*5po6rWFb1RA4sDiw\" alt=\"\" width=\"881\" height=\"583\"\/><figcaption class=\"wp-element-caption\">Arcadio en una fiesta de fin de a\u00f1o de Abstracta, en Trinidad, Uruguay.<\/figcaption><\/figure><\/div>\n\n\n<h2 class=\"wp-block-heading\" id=\"1638\"><strong>Mirando hacia afuera<\/strong><\/h2>\n\n\n\n<p id=\"e63b\">M\u00e1s all\u00e1 de nuestra gente,&nbsp;<strong>nos interesa extender este tipo de acciones hacia afuera para impactar positivamente en la sociedad<\/strong>. Por eso, cuando tenemos la posibilidad, generamos programas para ayudar a integrar social y econ\u00f3micamente a las personas migrantes en las comunidades en las que estamos insertos a trav\u00e9s de Abstracta, con la empresa como plataforma de cambios.<\/p>\n\n\n\n<p id=\"9b6d\"><strong>Con este prop\u00f3sito, en 2021 ofrecimos acceso gratuito al curso de Software Tester en&nbsp;<\/strong><a href=\"https:\/\/abstracta.academy\/es\/\" rel=\"noreferrer noopener\" target=\"_blank\"><strong>Abstracta Academy<\/strong><\/a><strong>&nbsp;a un grupo de 35 personas migrantes o refugiadas viviendo en Canelones<\/strong>,&nbsp;<strong>Uruguay<\/strong>. Se trat\u00f3 de una iniciativa conjunta entre Abstracta, la Intendencia de Canelones y el Alto Comisionado de las Naciones Unidas para los Refugiados (ACNUR). El objetivo era ayudarlas en su reconversi\u00f3n laboral a la industria IT.<\/p>\n\n\n\n<p id=\"71a0\"><strong>En su mayor\u00eda mujeres y madres, de origen cubano, venezolano y colombiano<\/strong>, una parte del grupo contaba ya con un t\u00edtulo o diploma de nivel superior de su pa\u00eds de procedencia a la hora de iniciar el curso, pero la mayor\u00eda hab\u00eda tenido inconvenientes con su revalidaci\u00f3n, lo cual se constitu\u00eda como un problema a la hora de buscar trabajo, y afectaba su calidad de vida, por lo cual estaban en busca de un cambio para poder salir adelante.<\/p>\n\n\n\n<p id=\"ff66\">Sin lugar a dudas, el desarrollo del curso fue m\u00e1s complejo para quienes ten\u00edan problemas de accesibilidad, conectividad y dificultades en relaci\u00f3n a su situaci\u00f3n habitacional, con diferentes necesidades y derechos vulnerados.<\/p>\n\n\n\n<p id=\"6e8e\">A\u00fan as\u00ed, a pesar de las diferentes situaciones personales y obst\u00e1culos enfrentados por esta poblaci\u00f3n,&nbsp;<strong>m\u00e1s de 20 personas realizaron el curso completo y se graduaron como testers junior<\/strong>. 6 de ellas se encuentran hoy ya plenamente insertas en la industria IT, a trav\u00e9s de espacios como J\u00f3venes A Programar,&nbsp;upCamp&nbsp;(spin of de Abstracta),&nbsp;Abstracta Academy, Global, Concepto, y Visanet.<\/p>\n\n\n\n<p id=\"926d\"><strong>Las historias de Carmen Rivas, Meuris Medina y Thaygel Su\u00e1rez evidencian el impacto de este tipo de oportunidades en nuestra sociedad, y la trascendencia de las acciones organizacionales en este sentido. Se trata de 3 mujeres nacidas en Venezuela, que emigraron a Uruguay en b\u00fasqueda de poder acceder a una buena calidad de vida y un futuro mejor para ellas y sus familias.<\/strong><\/p>\n\n\n\n<p id=\"541b\">Carmen tiene 35 a\u00f1os, es Licenciada en Educaci\u00f3n, con Menci\u00f3n en Espa\u00f1ol y Literatura, y M\u00e1ster en Marketing Digital. En 2018, emigr\u00f3 a Uruguay. En 2021, se encontraba desempleada hac\u00eda 2 a\u00f1os cuando accedi\u00f3 al curso de tester de software de Abstracta Academy. El mismo a\u00f1o, accedi\u00f3 al programa&nbsp;Scrum FEM&nbsp;de Abstracta, tambi\u00e9n de manera gratuita, y se gradu\u00f3 all\u00ed como Scrum Master.<\/p>\n\n\n\n<p id=\"35b0\">Thaygel estudi\u00f3 Ingenier\u00eda en Telecomunicaciones, no finaliz\u00f3 la carrera pero adquiri\u00f3 all\u00ed grandes conocimientos que le resultan hoy de gran utilidad. Tiene 35 a\u00f1os y vive en Uruguay desde 2019, luego de haber pasado por un largo proceso de migraci\u00f3n. La experiencia en el programa la ayud\u00f3 a renovar sus fuerzas para lograr reinsertarse en el mundo laboral.<\/p>\n\n\n\n<p id=\"57a7\">Meuris es Licenciada en Administraci\u00f3n de Empresas, con Menci\u00f3n en Gerencia Industrial. Tiene 49 a\u00f1os, y m\u00e1s de 10 de experiencia laboral en esa \u00e1rea. Vive en Uruguay desde hace 4 a\u00f1os. Despu\u00e9s de graduarse como tester junior en Abstracta Academy, continu\u00f3 form\u00e1ndose a trav\u00e9s de cursos ofrecidos por la plataforma mediante el programa&nbsp;<a href=\"https:\/\/www.reconvertite.uy\/\" rel=\"noreferrer noopener\" target=\"_blank\">ReconverTite<\/a>, de Abstracta. Tuvo acceso gratuito por haber sido parte del programa para personas migrantes.<\/p>\n\n\n<div class=\"wp-block-image\">\n<figure class=\"aligncenter is-resized\"><img loading=\"lazy\" decoding=\"async\" src=\"https:\/\/miro.medium.com\/v2\/resize:fit:630\/0*sHxl8Htt-8Rv14LG\" alt=\"\" width=\"824\" height=\"402\"\/><\/figure><\/div>\n\n\n<h3 class=\"wp-block-heading\" id=\"d2b0\"><strong><em>&#8211; \u00bfPor qu\u00e9 emigraron a Uruguay?<\/em><\/strong><\/h3>\n\n\n\n<p id=\"2e17\"><strong>Carmen:<\/strong>&nbsp;La realidad socio-pol\u00edtica y la destrucci\u00f3n del sistema econ\u00f3mico del pa\u00eds lleg\u00f3 al punto de no alcanzarme para comer con mi sueldo de profesional del \u00e1mbito educativo, ni siquiera con lo que ganaba por otros dos empleos que ten\u00eda de forma adicional. Y aunque ten\u00eda casa y auto, prefer\u00ed iniciar de cero, para buscar calidad de vida y poder apoyar a mi familia, que se qued\u00f3 en mi pa\u00eds.<\/p>\n\n\n\n<p id=\"b03b\"><strong>Thaygel:&nbsp;<\/strong>Dada la crisis econ\u00f3mica, en 2017 planificamos emigrar y lo logramos en 2018. En primera instancia, nos fuimos a Per\u00fa. Estar all\u00ed nos ayud\u00f3 a estabilizarnos un poco, pero sinceramente no es un pa\u00eds que apoye mucho al migrante. Luego de un a\u00f1o tratando de mantenernos ah\u00ed, nos planteamos la idea de volver a migrar. Mi esposo ten\u00eda un amigo venezolano-uruguayo con quien trabaj\u00f3 muchos a\u00f1os, y \u00e9l le propuso Uruguay como una opci\u00f3n.<\/p>\n\n\n\n<p id=\"5b72\">Tras estudiar las posibilidades y asegurarnos de que \u00e9l llegar\u00eda con un empleo, parti\u00f3. No solo fue la propuesta de un mejor empleo para mi esposo lo que nos atrajo, sino toda la informaci\u00f3n que encontr\u00e9 sobre lo que el pa\u00eds le pod\u00eda ofrecer a mis hijos como migrantes en Uruguay. Yo me qued\u00e9 sola en Per\u00fa, con 3 ni\u00f1os, mientras mi esposo se establec\u00eda. Luego de 4 meses, migramos a Uruguay con mis hijos, en un viaje en micro que dur\u00f3 15 d\u00edas por Brasil\u2026 Esa fue la manera en que finalmente llegamos a nuestro destino, en diciembre de 2019.<\/p>\n\n\n\n<p id=\"29a5\"><strong>Meuris:<\/strong>&nbsp;Dejamos nuestro pa\u00eds debido a la gran descomposici\u00f3n social, pol\u00edtica y econ\u00f3mica, que viene padeciendo nuestra patria natal. Los recuerdos son muy dolorosos, y prefiero no sumergirme en ellos ahora\u2026<\/p>\n\n\n\n<h3 class=\"wp-block-heading\" id=\"d33e\"><strong><em>&#8211; Vamos hacia adelante entonces. \u00bfPor qu\u00e9 decidieron estudiar en Abstracta Academy?<\/em><\/strong><\/h3>\n\n\n\n<p id=\"237b\"><strong>Carmen:<\/strong>&nbsp;A pesar de mi t\u00edtulo, con su rev\u00e1lida, y la experiencia de 10 a\u00f1os en el \u00e1rea de la educaci\u00f3n, al llegar aqu\u00ed no logr\u00e9 insertarme en ninguna empresa, y termin\u00e9 en el campo trabajando como pe\u00f3n rural para sobrevivir y ganar dinero para enviarle a mi familia. En 2021, tuve la oportunidad de ser seleccionada para participar de la iniciativa de ACNUR, la Intendencia y Abstracta, para formar mujeres y madres extranjeras en el curso de Software Tester. Fue una grandiosa oportunidad que bajo ninguna otra circunstancia podr\u00eda haber pagado con mi condici\u00f3n de desempleada.<\/p>\n\n\n\n<p id=\"b752\"><strong>Thaygel:<\/strong>&nbsp;Si bien ten\u00eda conocimientos de tecnolog\u00edas, analista de pruebas de software era un t\u00e9rmino desconocido para mi. Investigu\u00e9 qu\u00e9 era y lo que la academia ofrec\u00eda a sus egresados, y me enganche en todo. Clic tras clic, mi curiosidad por t\u00e9rminos, t\u00e9cnicas y herramientas nuevas fue creciendo. Me postul\u00e9 y qued\u00e9 seleccionada, la cual continu\u00f3 con mi bienvenida a un grupo de 35 personas que busc\u00e1bamos esta reconversi\u00f3n laboral, con muchas expectativas de ello.<\/p>\n\n\n\n<p id=\"039e\"><strong>Meuris:<\/strong>&nbsp;Yo quer\u00eda empezar a actualizarme sobre nuevas tecnolog\u00edas ya que desde mi llegada a Uruguay me hab\u00eda dedicado a la adaptaci\u00f3n de mi familia a este lindo pa\u00eds. Luego, tuve algunos problemas de salud que me impidieron comenzar a trabajar, y sent\u00eda que estaba desconectada a las nuevas metodolog\u00edas de trabajo. Con esto en mente, me propuse hacer una capacitaci\u00f3n en algo que tuviera alta salida laboral. Haber quedado seleccionada para el programa fue una gran oportunidad.<\/p>\n\n\n\n<p id=\"e57f\">Una vez que finaliz\u00f3, Abstracta sigui\u00f3 en contacto con los participantes del programa, apoyando y acercando al grupo a oportunidades laborales, invitando a m\u00e1s cursos de forma gratuita, y brindando oportunidades para participar en m\u00e1s programas e iniciativas, como Scrum Fem y UpCamp.<\/p>\n\n\n\n<h3 class=\"wp-block-heading\" id=\"3f32\"><strong><em>&#8211; \u00bfD\u00f3nde trabajan hoy?<\/em><\/strong><\/h3>\n\n\n\n<p id=\"b1f7\"><strong><em>Carmen:<\/em><\/strong>&nbsp;Soy instructora en Abstracta Academy desde hace 5 meses. Proyecto convertirme en Tester T\u00e9cnico, seguir sumando aprendizajes y creciendo.<\/p>\n\n\n\n<p id=\"76e1\"><strong>Thaygel:&nbsp;<\/strong>Trabajo como QA en GlobalUy desde junio de 2021. He podido aplicar los conocimientos aprendidos en los proyectos a los cuales me un\u00ed, y sigo aprendiendo muchas cosas de la mano de un gran equipo. He podido contar con su apoyo para continuar con estudios de nuevas t\u00e9cnicas y asistir a charlas, siempre cumpliendo con mis responsabilidades, lo cual me parece fant\u00e1stico.<\/p>\n\n\n\n<p id=\"3817\"><strong>Meuris:<\/strong>&nbsp;Formo parte del programa de pr\u00e1cticas que ofrece la spin off de Abstracta llamada UpCamp. Estoy all\u00ed desde noviembre de 2022, con el rol de QA Manual. Estoy viviendo una grata experiencia, en un ambiente colaborativo entre todos los equipos de trabajo, bajo el liderazgo de gu\u00edas e instructores gracias a los cuales hoy s\u00e9 que esto que hago es lo que quiero hacer el resto de mi vida laboral. Fue una gran emoci\u00f3n para m\u00ed poder entrar aqu\u00ed, es una oportunidad para ejercer lo que hasta ahora he estudiado y practicado tanto.<\/p>\n\n\n\n<h3 class=\"wp-block-heading\" id=\"aaa1\"><strong><em>&#8211; En resumen, \u00bfc\u00f3mo modific\u00f3 sus vidas estudiar testing de software en el programa ofrecido por Abstracta para personas migrantes o refugiadas?<\/em><\/strong><\/h3>\n\n\n\n<p id=\"e021\"><strong>Carmen:&nbsp;<\/strong>Me dio la oportunidad de insertarme como profesional y mano de obra calificada en el \u00e1mbito laboral. Sentir que lo que sab\u00e9s (conocimiento\/cultura) vale, y que te paguen por ello, es lo m\u00e1s grato que me ha pasado desde que llegu\u00e9 a Uruguay. Gracias a todos los conocimientos adquiridos en el programa, pude conseguir trabajo y volver a so\u00f1ar con un buen futuro para m\u00ed familia.<\/p>\n\n\n\n<p id=\"2d46\"><strong>Thaygel:<\/strong>&nbsp;Profesionalmente, gener\u00f3 en m\u00ed grandes expectativas, pude llevar adelante planes bien definidos para seguir trabajando en mi carrera como tester. Al finalizar el programa, qued\u00e9 en contacto con mis compa\u00f1eros de estudio, seguimos sumando conocimientos y compartiendo informaci\u00f3n sobre empleos. Gracias a esta red formada fue que termin\u00e9 realizando una solicitud de empleo en Linkedin en la empresa en la cual me desempe\u00f1o actualmente, en el puesto de QA.<\/p>\n\n\n\n<p id=\"823f\">Otro cambio grande que not\u00e9 tambi\u00e9n a ra\u00edz de todo esto fue en mi estado de \u00e1nimo. Acceder a un empleo me ayud\u00f3 a sentirme mejor conmigo misma, y lograr la estabilidad econ\u00f3mica para una familia de 6.<\/p>\n\n\n\n<p id=\"1d87\"><strong>Meuris:<\/strong>&nbsp;Me ense\u00f1\u00f3 una vida completamente nueva, desde la visi\u00f3n de un tester. Sinceramente, no creo que hubiera logrado ser QA manual si no hubiese sido por la forma metodol\u00f3gica que Abstracta Academy tiene de ense\u00f1ar. Ha sido un proceso personal y de capacitaci\u00f3n intenso, que me han hecho sincerarme con lo que s\u00e9, lo que siento, lo que tengo, lo que quiero, y lo que necesito.<\/p>\n\n\n\n<p id=\"9034\">A pesar de que a\u00fan no encuentro un trabajo formal, mi crecimiento como ser humano integral ha ido en ascenso, y conf\u00edo en que con el tiempo podr\u00e9 encontrar trabajo de la mano de upCamp, ya que se han comprometido en el acompa\u00f1amiento en mi b\u00fasqueda laboral. Esto, sin dudas, se traducir\u00eda como una mejora significativa en la calidad de vida de mi familia y en nuestro futuro. Para m\u00ed, individualmente, todo esto es tambi\u00e9n un cari\u00f1o a la autoestima, altamente vapuleada en los \u00faltimos tiempos por mi historia como inmigrante, acentuado por mi edad y por ser mujer.<\/p>\n\n\n\n<p id=\"b1c4\"><strong>\u00bfSe realizan acciones en tu empresa en pos de contribuir con la igualdad de oportunidades? \u00bfC\u00f3mo lo hacen? \u00a1Cu\u00e9ntanos en los comentarios!<\/strong><\/p>\n\n\n\n\n\n<p><strong>\u00a1S\u00edguenos en\u00a0<a href=\"https:\/\/bit.ly\/LinkedIn-Abstracta-Chile\" target=\"_blank\" rel=\"noreferrer noopener\">LinkedIn<\/a>,\u00a0<a href=\"https:\/\/bit.ly\/TW-Abstracta-Chile\" target=\"_blank\" rel=\"noreferrer noopener\">Twitter<\/a>,\u00a0<a href=\"https:\/\/bit.ly\/FB-Abstracta-Chile\" target=\"_blank\" rel=\"noreferrer noopener\">Facebook<\/a>,\u00a0<a href=\"https:\/\/bit.ly\/Instagram-Abstracta-Latam\" target=\"_blank\" rel=\"noreferrer noopener\">Instagram<\/a>\u00a0y\u00a0<a href=\"https:\/\/bit.ly\/YT-Abstracta\" target=\"_blank\" rel=\"noreferrer noopener\">YouTube<\/a>\u00a0para conocer m\u00e1s sobre nuestra cultura y ser parte de nuestra comunidad!<\/strong><\/p>\n","protected":false},"excerpt":{"rendered":"<p>M\u00e1s del 10% de las personas que trabajan en Abstracta son migrantes, y muchas de ellas se encuentran hoy en franco crecimiento en la compa\u00f1\u00eda. Por otro lado, generamos programas en pos de personas migrantes o refugiadas por fuera de la comunidad abstractera. Ent\u00e9rate por qu\u00e9 todo esto es tan relevante y conoce algunos testimonios en este art\u00edculo.<\/p>\n","protected":false},"author":35,"featured_media":17818,"comment_status":"open","ping_status":"open","sticky":false,"template":"","format":"standard","meta":{"footnotes":""},"categories":[6],"tags":[125,232],"class_list":["post-17812","post","type-post","status-publish","format-standard","has-post-thumbnail","hentry","category-cultura","tag-cultura-humanista","tag-historias-abstracteras"],"yoast_head":"<!-- This site is optimized with the Yoast SEO plugin v19.13 - https:\/\/yoast.com\/wordpress\/plugins\/seo\/ -->\n<title>D\u00eda Internacional del Migrante: aportes de Abstracta a la comunidad - Abstracta<\/title>\n<meta name=\"description\" content=\"M\u00e1s del 10% de las personas que trabajan en Abstracta son migrantes, y muchas de ellas se encuentran hoy en franco crecimiento en la compa\u00f1\u00eda. Por otro lado, generamos programas en pos de personas migrantes o refugiadas por fuera de la comunidad abstractera. Ent\u00e9rate por qu\u00e9 todo esto es tan relevante y conoce algunos testimonios en este art\u00edculo.\" \/>\n<meta name=\"robots\" content=\"index, follow, max-snippet:-1, max-image-preview:large, max-video-preview:-1\" \/>\n<link rel=\"canonical\" href=\"https:\/\/es.abstracta.us\/blog\/dia-internacional-migrante-aportes-comunidad-abstracta\/\" \/>\n<meta property=\"og:locale\" content=\"es_ES\" \/>\n<meta property=\"og:type\" content=\"article\" \/>\n<meta property=\"og:title\" content=\"D\u00eda Internacional del Migrante: aportes de Abstracta a la comunidad - Abstracta\" \/>\n<meta property=\"og:description\" content=\"M\u00e1s del 10% de las personas que trabajan en Abstracta son migrantes, y muchas de ellas se encuentran hoy en franco crecimiento en la compa\u00f1\u00eda. Por otro lado, generamos programas en pos de personas migrantes o refugiadas por fuera de la comunidad abstractera. Ent\u00e9rate por qu\u00e9 todo esto es tan relevante y conoce algunos testimonios en este art\u00edculo.\" \/>\n<meta property=\"og:url\" content=\"https:\/\/es.abstracta.us\/blog\/dia-internacional-migrante-aportes-comunidad-abstracta\/\" \/>\n<meta property=\"og:site_name\" content=\"Blog de Desarrollo de Software, Testing e Inteligencia Artificial | Abstracta\" \/>\n<meta property=\"article:publisher\" content=\"https:\/\/www.facebook.com\/AbstractaChile\/\" \/>\n<meta property=\"article:published_time\" content=\"2022-12-16T18:43:00+00:00\" \/>\n<meta property=\"article:modified_time\" content=\"2024-05-15T19:45:04+00:00\" \/>\n<meta property=\"og:image\" content=\"https:\/\/es.abstracta.us\/wp-content\/uploads\/2024\/05\/dia-internacional-migrante-aportes-comunidad-abstracta-1.png\" \/>\n\t<meta property=\"og:image:width\" content=\"1920\" \/>\n\t<meta property=\"og:image:height\" content=\"1080\" \/>\n\t<meta property=\"og:image:type\" content=\"image\/png\" \/>\n<meta name=\"author\" content=\"Natalie Rodgers, Marketing Team Lead\" \/>\n<meta name=\"twitter:card\" content=\"summary_large_image\" \/>\n<meta name=\"twitter:creator\" content=\"@AbstractaChile\" \/>\n<meta name=\"twitter:site\" content=\"@AbstractaChile\" \/>\n<meta name=\"twitter:label1\" content=\"Written by\" \/>\n\t<meta name=\"twitter:data1\" content=\"Natalie Rodgers, Marketing Team Lead\" \/>\n<script type=\"application\/ld+json\" class=\"yoast-schema-graph\">{\"@context\":\"https:\/\/schema.org\",\"@graph\":[{\"@type\":\"Article\",\"@id\":\"https:\/\/es.abstracta.us\/blog\/dia-internacional-migrante-aportes-comunidad-abstracta\/#article\",\"isPartOf\":{\"@id\":\"https:\/\/es.abstracta.us\/blog\/dia-internacional-migrante-aportes-comunidad-abstracta\/\"},\"author\":{\"name\":\"Natalie Rodgers, Marketing Team Lead\",\"@id\":\"https:\/\/es.abstracta.us\/blog\/#\/schema\/person\/b7978e8cd73ff3ed2dcc7e127499b4cb\"},\"headline\":\"D\u00eda Internacional del Migrante: aportes de Abstracta a la comunidad\",\"datePublished\":\"2022-12-16T18:43:00+00:00\",\"dateModified\":\"2024-05-15T19:45:04+00:00\",\"mainEntityOfPage\":{\"@id\":\"https:\/\/es.abstracta.us\/blog\/dia-internacional-migrante-aportes-comunidad-abstracta\/\"},\"wordCount\":2362,\"commentCount\":0,\"publisher\":{\"@id\":\"https:\/\/es.abstracta.us\/blog\/#organization\"},\"keywords\":[\"Cultura humanista\",\"Historias abstracteras\"],\"articleSection\":[\"Cultura\"],\"inLanguage\":\"es-CL\",\"potentialAction\":[{\"@type\":\"CommentAction\",\"name\":\"Comment\",\"target\":[\"https:\/\/es.abstracta.us\/blog\/dia-internacional-migrante-aportes-comunidad-abstracta\/#respond\"]}]},{\"@type\":\"WebPage\",\"@id\":\"https:\/\/es.abstracta.us\/blog\/dia-internacional-migrante-aportes-comunidad-abstracta\/\",\"url\":\"https:\/\/es.abstracta.us\/blog\/dia-internacional-migrante-aportes-comunidad-abstracta\/\",\"name\":\"D\u00eda Internacional del Migrante: aportes de Abstracta a la comunidad - Abstracta\",\"isPartOf\":{\"@id\":\"https:\/\/es.abstracta.us\/blog\/#website\"},\"datePublished\":\"2022-12-16T18:43:00+00:00\",\"dateModified\":\"2024-05-15T19:45:04+00:00\",\"description\":\"M\u00e1s del 10% de las personas que trabajan en Abstracta son migrantes, y muchas de ellas se encuentran hoy en franco crecimiento en la compa\u00f1\u00eda. Por otro lado, generamos programas en pos de personas migrantes o refugiadas por fuera de la comunidad abstractera. Ent\u00e9rate por qu\u00e9 todo esto es tan relevante y conoce algunos testimonios en este art\u00edculo.\",\"breadcrumb\":{\"@id\":\"https:\/\/es.abstracta.us\/blog\/dia-internacional-migrante-aportes-comunidad-abstracta\/#breadcrumb\"},\"inLanguage\":\"es-CL\",\"potentialAction\":[{\"@type\":\"ReadAction\",\"target\":[\"https:\/\/es.abstracta.us\/blog\/dia-internacional-migrante-aportes-comunidad-abstracta\/\"]}]},{\"@type\":\"BreadcrumbList\",\"@id\":\"https:\/\/es.abstracta.us\/blog\/dia-internacional-migrante-aportes-comunidad-abstracta\/#breadcrumb\",\"itemListElement\":[{\"@type\":\"ListItem\",\"position\":1,\"name\":\"Home\",\"item\":\"https:\/\/es.abstracta.us\/blog\/\"},{\"@type\":\"ListItem\",\"position\":2,\"name\":\"D\u00eda Internacional del Migrante: aportes de Abstracta a la comunidad\"}]},{\"@type\":\"WebSite\",\"@id\":\"https:\/\/es.abstracta.us\/blog\/#website\",\"url\":\"https:\/\/es.abstracta.us\/blog\/\",\"name\":\"Abstracta\",\"description\":\"Recursos, buenas pr\u00e1cticas, tendencias y rese\u00f1as de herramientas de desarrollo de software, testing e Inteligencia Artificial.\",\"publisher\":{\"@id\":\"https:\/\/es.abstracta.us\/blog\/#organization\"},\"potentialAction\":[{\"@type\":\"SearchAction\",\"target\":{\"@type\":\"EntryPoint\",\"urlTemplate\":\"https:\/\/es.abstracta.us\/blog\/?s={search_term_string}\"},\"query-input\":\"required name=search_term_string\"}],\"inLanguage\":\"es-CL\"},{\"@type\":\"Organization\",\"@id\":\"https:\/\/es.abstracta.us\/blog\/#organization\",\"name\":\"Abstracta\",\"url\":\"https:\/\/es.abstracta.us\/blog\/\",\"logo\":{\"@type\":\"ImageObject\",\"inLanguage\":\"es-CL\",\"@id\":\"https:\/\/es.abstracta.us\/blog\/#\/schema\/logo\/image\/\",\"url\":\"https:\/\/es.abstracta.us\/wp-content\/uploads\/2024\/03\/abstracta-logo.png\",\"contentUrl\":\"https:\/\/es.abstracta.us\/wp-content\/uploads\/2024\/03\/abstracta-logo.png\",\"width\":1217,\"height\":300,\"caption\":\"Abstracta\"},\"image\":{\"@id\":\"https:\/\/es.abstracta.us\/blog\/#\/schema\/logo\/image\/\"},\"sameAs\":[\"https:\/\/www.instagram.com\/we_are_abstracta\/\",\"https:\/\/www.linkedin.com\/showcase\/abstracta-chile\/\",\"https:\/\/www.youtube.com\/channel\/UCj4dx2LZCRcgM8GzxYEKYeQ\",\"https:\/\/www.facebook.com\/AbstractaChile\/\",\"https:\/\/twitter.com\/AbstractaChile\"]},{\"@type\":\"Person\",\"@id\":\"https:\/\/es.abstracta.us\/blog\/#\/schema\/person\/b7978e8cd73ff3ed2dcc7e127499b4cb\",\"name\":\"Natalie Rodgers, Marketing Team Lead\",\"image\":{\"@type\":\"ImageObject\",\"inLanguage\":\"es-CL\",\"@id\":\"https:\/\/es.abstracta.us\/blog\/#\/schema\/person\/image\/\",\"url\":\"https:\/\/secure.gravatar.com\/avatar\/9a23da822367e20ddb98b59d5273eb3e?s=96&d=mm&r=g\",\"contentUrl\":\"https:\/\/secure.gravatar.com\/avatar\/9a23da822367e20ddb98b59d5273eb3e?s=96&d=mm&r=g\",\"caption\":\"Natalie Rodgers, Marketing Team Lead\"},\"sameAs\":[\"https:\/\/es.abstracta.us\/\"],\"url\":\"https:\/\/es.abstracta.us\/blog\/author\/natalie-rodgers\/\"}]}<\/script>\n<!-- \/ Yoast SEO plugin. -->","yoast_head_json":{"title":"D\u00eda Internacional del Migrante: aportes de Abstracta a la comunidad - Abstracta","description":"M\u00e1s del 10% de las personas que trabajan en Abstracta son migrantes, y muchas de ellas se encuentran hoy en franco crecimiento en la compa\u00f1\u00eda. Por otro lado, generamos programas en pos de personas migrantes o refugiadas por fuera de la comunidad abstractera. Ent\u00e9rate por qu\u00e9 todo esto es tan relevante y conoce algunos testimonios en este art\u00edculo.","robots":{"index":"index","follow":"follow","max-snippet":"max-snippet:-1","max-image-preview":"max-image-preview:large","max-video-preview":"max-video-preview:-1"},"canonical":"https:\/\/es.abstracta.us\/blog\/dia-internacional-migrante-aportes-comunidad-abstracta\/","og_locale":"es_ES","og_type":"article","og_title":"D\u00eda Internacional del Migrante: aportes de Abstracta a la comunidad - Abstracta","og_description":"M\u00e1s del 10% de las personas que trabajan en Abstracta son migrantes, y muchas de ellas se encuentran hoy en franco crecimiento en la compa\u00f1\u00eda. Por otro lado, generamos programas en pos de personas migrantes o refugiadas por fuera de la comunidad abstractera. Ent\u00e9rate por qu\u00e9 todo esto es tan relevante y conoce algunos testimonios en este art\u00edculo.","og_url":"https:\/\/es.abstracta.us\/blog\/dia-internacional-migrante-aportes-comunidad-abstracta\/","og_site_name":"Blog de Desarrollo de Software, Testing e Inteligencia Artificial | Abstracta","article_publisher":"https:\/\/www.facebook.com\/AbstractaChile\/","article_published_time":"2022-12-16T18:43:00+00:00","article_modified_time":"2024-05-15T19:45:04+00:00","og_image":[{"width":1920,"height":1080,"url":"https:\/\/es.abstracta.us\/wp-content\/uploads\/2024\/05\/dia-internacional-migrante-aportes-comunidad-abstracta-1.png","type":"image\/png"}],"author":"Natalie Rodgers, Marketing Team Lead","twitter_card":"summary_large_image","twitter_creator":"@AbstractaChile","twitter_site":"@AbstractaChile","twitter_misc":{"Written by":"Natalie Rodgers, Marketing Team Lead"},"schema":{"@context":"https:\/\/schema.org","@graph":[{"@type":"Article","@id":"https:\/\/es.abstracta.us\/blog\/dia-internacional-migrante-aportes-comunidad-abstracta\/#article","isPartOf":{"@id":"https:\/\/es.abstracta.us\/blog\/dia-internacional-migrante-aportes-comunidad-abstracta\/"},"author":{"name":"Natalie Rodgers, Marketing Team Lead","@id":"https:\/\/es.abstracta.us\/blog\/#\/schema\/person\/b7978e8cd73ff3ed2dcc7e127499b4cb"},"headline":"D\u00eda Internacional del Migrante: aportes de Abstracta a la comunidad","datePublished":"2022-12-16T18:43:00+00:00","dateModified":"2024-05-15T19:45:04+00:00","mainEntityOfPage":{"@id":"https:\/\/es.abstracta.us\/blog\/dia-internacional-migrante-aportes-comunidad-abstracta\/"},"wordCount":2362,"commentCount":0,"publisher":{"@id":"https:\/\/es.abstracta.us\/blog\/#organization"},"keywords":["Cultura humanista","Historias abstracteras"],"articleSection":["Cultura"],"inLanguage":"es-CL","potentialAction":[{"@type":"CommentAction","name":"Comment","target":["https:\/\/es.abstracta.us\/blog\/dia-internacional-migrante-aportes-comunidad-abstracta\/#respond"]}]},{"@type":"WebPage","@id":"https:\/\/es.abstracta.us\/blog\/dia-internacional-migrante-aportes-comunidad-abstracta\/","url":"https:\/\/es.abstracta.us\/blog\/dia-internacional-migrante-aportes-comunidad-abstracta\/","name":"D\u00eda Internacional del Migrante: aportes de Abstracta a la comunidad - Abstracta","isPartOf":{"@id":"https:\/\/es.abstracta.us\/blog\/#website"},"datePublished":"2022-12-16T18:43:00+00:00","dateModified":"2024-05-15T19:45:04+00:00","description":"M\u00e1s del 10% de las personas que trabajan en Abstracta son migrantes, y muchas de ellas se encuentran hoy en franco crecimiento en la compa\u00f1\u00eda. Por otro lado, generamos programas en pos de personas migrantes o refugiadas por fuera de la comunidad abstractera. Ent\u00e9rate por qu\u00e9 todo esto es tan relevante y conoce algunos testimonios en este art\u00edculo.","breadcrumb":{"@id":"https:\/\/es.abstracta.us\/blog\/dia-internacional-migrante-aportes-comunidad-abstracta\/#breadcrumb"},"inLanguage":"es-CL","potentialAction":[{"@type":"ReadAction","target":["https:\/\/es.abstracta.us\/blog\/dia-internacional-migrante-aportes-comunidad-abstracta\/"]}]},{"@type":"BreadcrumbList","@id":"https:\/\/es.abstracta.us\/blog\/dia-internacional-migrante-aportes-comunidad-abstracta\/#breadcrumb","itemListElement":[{"@type":"ListItem","position":1,"name":"Home","item":"https:\/\/es.abstracta.us\/blog\/"},{"@type":"ListItem","position":2,"name":"D\u00eda Internacional del Migrante: aportes de Abstracta a la comunidad"}]},{"@type":"WebSite","@id":"https:\/\/es.abstracta.us\/blog\/#website","url":"https:\/\/es.abstracta.us\/blog\/","name":"Abstracta","description":"Recursos, buenas pr\u00e1cticas, tendencias y rese\u00f1as de herramientas de desarrollo de software, testing e Inteligencia Artificial.","publisher":{"@id":"https:\/\/es.abstracta.us\/blog\/#organization"},"potentialAction":[{"@type":"SearchAction","target":{"@type":"EntryPoint","urlTemplate":"https:\/\/es.abstracta.us\/blog\/?s={search_term_string}"},"query-input":"required name=search_term_string"}],"inLanguage":"es-CL"},{"@type":"Organization","@id":"https:\/\/es.abstracta.us\/blog\/#organization","name":"Abstracta","url":"https:\/\/es.abstracta.us\/blog\/","logo":{"@type":"ImageObject","inLanguage":"es-CL","@id":"https:\/\/es.abstracta.us\/blog\/#\/schema\/logo\/image\/","url":"https:\/\/es.abstracta.us\/wp-content\/uploads\/2024\/03\/abstracta-logo.png","contentUrl":"https:\/\/es.abstracta.us\/wp-content\/uploads\/2024\/03\/abstracta-logo.png","width":1217,"height":300,"caption":"Abstracta"},"image":{"@id":"https:\/\/es.abstracta.us\/blog\/#\/schema\/logo\/image\/"},"sameAs":["https:\/\/www.instagram.com\/we_are_abstracta\/","https:\/\/www.linkedin.com\/showcase\/abstracta-chile\/","https:\/\/www.youtube.com\/channel\/UCj4dx2LZCRcgM8GzxYEKYeQ","https:\/\/www.facebook.com\/AbstractaChile\/","https:\/\/twitter.com\/AbstractaChile"]},{"@type":"Person","@id":"https:\/\/es.abstracta.us\/blog\/#\/schema\/person\/b7978e8cd73ff3ed2dcc7e127499b4cb","name":"Natalie Rodgers, Marketing Team Lead","image":{"@type":"ImageObject","inLanguage":"es-CL","@id":"https:\/\/es.abstracta.us\/blog\/#\/schema\/person\/image\/","url":"https:\/\/secure.gravatar.com\/avatar\/9a23da822367e20ddb98b59d5273eb3e?s=96&d=mm&r=g","contentUrl":"https:\/\/secure.gravatar.com\/avatar\/9a23da822367e20ddb98b59d5273eb3e?s=96&d=mm&r=g","caption":"Natalie Rodgers, Marketing Team Lead"},"sameAs":["https:\/\/es.abstracta.us\/"],"url":"https:\/\/es.abstracta.us\/blog\/author\/natalie-rodgers\/"}]}},"jetpack_featured_media_url":"https:\/\/es.abstracta.us\/wp-content\/uploads\/2024\/05\/dia-internacional-migrante-aportes-comunidad-abstracta-1.png","_links":{"self":[{"href":"https:\/\/es.abstracta.us\/blog\/wp-json\/wp\/v2\/posts\/17812"}],"collection":[{"href":"https:\/\/es.abstracta.us\/blog\/wp-json\/wp\/v2\/posts"}],"about":[{"href":"https:\/\/es.abstracta.us\/blog\/wp-json\/wp\/v2\/types\/post"}],"author":[{"embeddable":true,"href":"https:\/\/es.abstracta.us\/blog\/wp-json\/wp\/v2\/users\/35"}],"replies":[{"embeddable":true,"href":"https:\/\/es.abstracta.us\/blog\/wp-json\/wp\/v2\/comments?post=17812"}],"version-history":[{"count":7,"href":"https:\/\/es.abstracta.us\/blog\/wp-json\/wp\/v2\/posts\/17812\/revisions"}],"predecessor-version":[{"id":17823,"href":"https:\/\/es.abstracta.us\/blog\/wp-json\/wp\/v2\/posts\/17812\/revisions\/17823"}],"wp:featuredmedia":[{"embeddable":true,"href":"https:\/\/es.abstracta.us\/blog\/wp-json\/wp\/v2\/media\/17818"}],"wp:attachment":[{"href":"https:\/\/es.abstracta.us\/blog\/wp-json\/wp\/v2\/media?parent=17812"}],"wp:term":[{"taxonomy":"category","embeddable":true,"href":"https:\/\/es.abstracta.us\/blog\/wp-json\/wp\/v2\/categories?post=17812"},{"taxonomy":"post_tag","embeddable":true,"href":"https:\/\/es.abstracta.us\/blog\/wp-json\/wp\/v2\/tags?post=17812"}],"curies":[{"name":"wp","href":"https:\/\/api.w.org\/{rel}","templated":true}]}}