{"id":17802,"date":"2023-01-26T11:21:00","date_gmt":"2023-01-26T14:21:00","guid":{"rendered":"https:\/\/es.abstracta.us\/blog\/?p=17802"},"modified":"2024-05-15T14:59:20","modified_gmt":"2024-05-15T18:59:20","slug":"historia-arquitectura-oficina-abstracta","status":"publish","type":"post","link":"https:\/\/es.abstracta.us\/blog\/historia-arquitectura-oficina-abstracta\/","title":{"rendered":"Arquitectura de Abstracta: la historia detr\u00e1s de \u201cuna linda oficina\u201d"},"content":{"rendered":"\n<p id=\"55a3\">M\u00e1s del 60% de la sede de Abstracta en Montevideo est\u00e1 compuesta por espacios de encuentro, construcci\u00f3n de v\u00ednculos y trabajo colectivo. Dise\u00f1ada a medida y conectada de ra\u00edz con la cultura uruguaya, es la fiel expresi\u00f3n de los valores y aspiraciones de la empresa, que busca su desarrollo y crecimiento constante, siempre con foco en el bienestar de su comunidad y los modos de recorrer el camino.<\/p>\n\n\n<div class=\"wp-block-image\">\n<figure class=\"aligncenter is-resized\"><img loading=\"lazy\" decoding=\"async\" src=\"https:\/\/miro.medium.com\/v2\/resize:fit:630\/0*6undpBLWUwOrk9iK\" alt=\"\" width=\"898\" height=\"615\"\/><\/figure><\/div>\n\n\n<p id=\"a1a5\"><strong>\u201cLa buena arquitectura es abierta, abierta a la vida<\/strong>, abierta para mejorar la libertad de cualquier persona, donde cualquiera puede hacer lo que necesita hacer. No debe ser demostrativa o imponente, pero debe ser algo familiar, \u00fatil y hermoso,&nbsp;<strong>con la capacidad de sostener silenciosamente la vida que tendr\u00e1 lugar dentro<\/strong>\u201d. Esta sabia frase fue&nbsp;<a href=\"https:\/\/www.lavoz.com.ar\/tendencias\/arquitectos-franceses-lacaton-y-vassal-ganadores-del-pritzker-2021\/\" target=\"_blank\" rel=\"noreferrer noopener sponsored nofollow\">pronunciada por Anne Lacaton<\/a>, distinguida con el Premio Pritzker por la Fundaci\u00f3n Hyatt en 2021, el mayor galard\u00f3n de la arquitectura mundial.<\/p>\n\n\n\n<p id=\"7d71\"><strong>Sin dudas, la oficina de Abstracta en Montevideo contempla estas premisas tan cargadas de significado. La arquitecta Valentina Moro fue la encargada del proyecto<\/strong>, cofundadora de PLUG y docente de la Facultad de Arquitectura, Dise\u00f1o y Urbanismo de la Universidad de la Rep\u00fablica de Uruguay.<\/p>\n\n\n\n<p id=\"08fd\">Corr\u00eda el 2019, Abstracta se encontraba en pleno crecimiento, y planificaba duplicar la cantidad de personas trabajando en la compa\u00f1\u00eda, para lo cual necesitaba m\u00e1s espacio f\u00edsico, adem\u00e1s de un dise\u00f1o realizado a medida.<\/p>\n\n\n\n<p id=\"50f8\">Pandemia mediante, las reglas cambiaron dr\u00e1sticamente. \u201cSi antes el trabajo WFH (acr\u00f3nimo de trabajo desde casa, Work From Home) era una posibilidad para los colaboradores en la industria IT, la pandemia lo radicaliz\u00f3, y el argumento de precisar mayor cantidad de espacio qued\u00f3 un poco d\u00e9bil\u201d, relat\u00f3 Valentina. Tal es as\u00ed que la empresa hoy cuenta con casi el triple de personas trabajando en ella, y la mayor parte de la semana sobra espacio en la oficina.<\/p>\n\n\n<div class=\"wp-block-image\">\n<figure class=\"aligncenter is-resized\"><img loading=\"lazy\" decoding=\"async\" src=\"https:\/\/miro.medium.com\/v2\/resize:fit:630\/0*Lbg1v5yWAWaIZPNU\" alt=\"\" width=\"904\" height=\"671\"\/><\/figure><\/div>\n\n\n<p id=\"7bf0\">\u201cLo interesante es que ahora est\u00e1n orgullosos y c\u00f3modos, algo que antes no suced\u00eda. Podemos concluir que&nbsp;<strong>la posibilidad de identificarse con el espacio era m\u00e1s importante que sumar nuevos puestos de trabajo, gozar de los eventos de encuentro generales y tener el soporte para hacerlo<\/strong>&nbsp;<strong>con \u2018aroma a Abstracta\u2019\u201d<\/strong>.<\/p>\n\n\n\n<p id=\"b5a7\"><strong>Vera Babat<\/strong>, Chief Culture Officer, expres\u00f3: \u201cBusc\u00e1bamos que la oficina fuera representativa de nuestra cultura, por eso elegimos una casona tradicional uruguaya, con bellas maderas que acompa\u00f1an la tradici\u00f3n arquitect\u00f3nica nacional.<strong>&nbsp;No precis\u00e1bamos un espacio nuevo o moderno, sino un lugar que refleje nuestra conexi\u00f3n con el acervo cultural del pa\u00eds<\/strong>\u201d.<\/p>\n\n\n\n<p id=\"c198\">Y continu\u00f3: \u201c<strong>Valentina logr\u00f3 so\u00f1ar junto a nosotros e interpretar nuestras necesidades con una sensibilidad especial.<\/strong>&nbsp;Gracias a eso, hoy contamos con espacios de convivencia laboral, sectores de uso personal como cabinas, y espacios colaborativos, con fines de integraci\u00f3n, orientados al trabajo y\/o consolidaci\u00f3n del equipo\u201d.<\/p>\n\n\n<div class=\"wp-block-image\">\n<figure class=\"aligncenter\"><img decoding=\"async\" src=\"https:\/\/miro.medium.com\/v2\/resize:fit:630\/0*LhU07mK_TJQXlQ_g\" alt=\"\"\/><\/figure><\/div>\n\n\n<h2 class=\"wp-block-heading\" id=\"cc49\"><strong>Arquitectura con aroma a Abstracta<\/strong><\/h2>\n\n\n\n<p id=\"e700\">La arquitectura es una ciencia y tambi\u00e9n un arte, que refleja y expresa la cultura de quienes habitan los espacios, su comportamiento, sus v\u00ednculos y din\u00e1micas sociales. Es una materializaci\u00f3n capaz de transformar realidades, de limitar o ampliar libertades, pero especialmente de adecuar los espacios a diferentes escenarios, seg\u00fan las necesidades de la sociedad.<\/p>\n\n\n\n<p id=\"b24d\">\u201cEl proyecto de arquitectura es siempre una idea que transforma el espacio que la contiene, en lo concreto pero tambi\u00e9n en lo abstracto.<strong>&nbsp;El espacio es capaz de transformar la experiencia<\/strong>, y enriquecerla o no de acuerdo a las decisiones del proyecto\u201d, explic\u00f3 Valentina.<\/p>\n\n\n\n<p id=\"3bff\"><strong>Se trata, de alguna manera, de una mirada transversal de la arquitectura, con la idea de que puede impactar en diferentes direcciones.<\/strong>&nbsp;\u201cCuando se inicia un proyecto, se est\u00e1 trabajando con un sujeto que es \u00fanico, atravesado por una historia y genealog\u00eda que determinan unas formas \u00fanicas de habitar. Cuantos m\u00e1s detalles de estos se traduzcan en el espacio, m\u00e1s acertada resultar\u00e1 la experiencia que se propone\u201d, esboz\u00f3.<\/p>\n\n\n\n<p id=\"e53b\">\u201cEs fenomenolog\u00eda pura, lo que evoca y nos recuerda momentos o vivencias felices de nuestro pasado nos conecta con un estado de vibraci\u00f3n alto, y nos permite gozar m\u00e1s de la experiencia\u201d, remarc\u00f3.<\/p>\n\n\n\n<p id=\"8fa0\"><strong>Con esto en claro, Abstracta decidi\u00f3 alquilar un nuevo espacio y remodelarlo espec\u00edficamente para sus necesidades. Buscaban no solo lograr mayor comodidad, sino tambi\u00e9n reflejar identidad y comunidad, y ayudar a seguir construyendo el sentido de pertenencia.<\/strong><\/p>\n\n\n\n<p id=\"9698\"><strong>Conversamos con Valentina para comprender a fondo todo lo que hay detr\u00e1s de la linda oficina abstractera.<\/strong><\/p>\n\n\n\n<h3 class=\"wp-block-heading\" id=\"e970\"><strong><em>&#8211; \u00bfDe qu\u00e9 forma se pudieron contemplar las necesidades y reflejar los valores de Abstracta mediante la arquitectura?<\/em><\/strong><\/h3>\n\n\n\n<p id=\"e970\">Solicitamos que nos planillaran todos los proyectos que llevaba adelante la compa\u00f1\u00eda y que nos detallaran cu\u00e1ntas personas estaban trabajando en cada uno de ellos, adem\u00e1s de cu\u00e1ntas eran fijas por proyecto o departamento. Esto nos ayud\u00f3 a ordenar y organizar el espacio, defendiendo los metros de las salas de reuniones y espacios de encuentro.<\/p>\n\n\n\n<p id=\"cf04\">Creamos 3 salas de reuniones que llevan detalles que las hacen m\u00e1s c\u00e1lidas que las cl\u00e1sicas oficinas modernas, debido a que sacan provecho y partido de las maderas originales de la casa. Aprovechamos los corredores anchos para instalar bancos-cuevitas, unos lugares para sentarse y tener una reuni\u00f3n corta entre almohadones y mantitas, o para sentarse con el sol que ba\u00f1a por el ventanal del fondo.<\/p>\n\n\n\n<p id=\"dd5f\">Convertimos el estacionamiento en una sala para meetups con gradas, la barbacoa es un comedor y un petit auditorio a la vez. La cocina es un laboratorio para deleitarse con comidas organizadas por el equipo y a la vez un comedor peque\u00f1o. El patio es una plaza con una vegetaci\u00f3n hermosa, un palo borracho adulto que florece en rosa y unas plantas seleccionadas especialmente, que generan un clima de calma con sus colores y aromas.<\/p>\n\n\n<div class=\"wp-block-image\">\n<figure class=\"aligncenter is-resized\"><img loading=\"lazy\" decoding=\"async\" src=\"https:\/\/miro.medium.com\/v2\/resize:fit:630\/0*pXKfW2z0iVWI8_VX\" alt=\"\" width=\"832\" height=\"554\"\/><\/figure><\/div>\n\n\n<h3 class=\"wp-block-heading\" id=\"e8a1\"><strong><em>&#8211; \u00bfCu\u00e1l es la importancia de comprender las necesidades de un cliente en su contexto a la hora de realizar un proyecto arquitect\u00f3nico?<\/em><\/strong><\/h3>\n\n\n\n<p id=\"6402\">M\u00e1xima. Es a partir de ah\u00ed que surge la posibilidad de comprendernos, entender y decodificar las necesidades que se plantean. Son necesarios varios encuentros en los que atendemos aspectos m\u00e1s sutiles que son claves a la hora de sincronizar y dar sentido. Esto es a\u00fan m\u00e1s acentuado cuando se trata de un proyecto a medida, para un cliente espec\u00edfico y con una necesidad concreta, como por ejemplo construir su casa. En el caso de Abstracta funcion\u00f3 exactamente de ese modo, porque la sede era un nuevo headquarter con aroma a hogar comunitario.<\/p>\n\n\n\n<h3 class=\"wp-block-heading\" id=\"d90f\"><strong><em>&#8211; \u00bfConsider\u00e1s que la materialidad es transversal para lograr el \u2018look&amp;feel\u2019 buscado?<\/em><\/strong><\/h3>\n\n\n\n<p id=\"34cd\">S\u00ed, cuando conect\u00e1s con aspectos sensibles, trabaj\u00e1s con los materiales explotando todo su potencial. Entran en juego variables como temperatura, color, texturas, la compatibilidad o contraste entre ellos, la armon\u00eda estil\u00edstica, y m\u00e1s. En ocasiones, nos hemos encontrado educando a los clientes para que experimenten nuevas materialidades, o no tan nuevas pero en formas novedosas. Cuando esto funciona, es sublime para todos, generalmente porque se trata de soluciones m\u00e1s sostenibles.<\/p>\n\n\n\n<p id=\"aab9\">En el caso de Abstracta, una vez que nos encontramos en una \u201ccultura\u201d com\u00fan, avanzamos. Buscamos materializar en armon\u00eda con la preexistencia de la casa. La conservaci\u00f3n y utilizaci\u00f3n de maderas fue fundamental para lograr las sensaciones buscadas, como algo representativo de la cultura uruguaya.<\/p>\n\n\n\n<p id=\"0139\">Nos enfocamos en la materialidad y el dise\u00f1o de los muebles. Utilizamos pizarras para generar un lugar de encuentro y reuni\u00f3n espont\u00e1neo en torno a los puestos de trabajo, como una superficie que agrega brillo al resto donde predomina la madera. Los bancos de reuni\u00f3n, las tarimas del meet up room, las cabinas y los stand up desk son todos dispositivos que resuelven posibles situaciones de encuentro, y se materializan con multiplacas de eucaliptus con una laca que suaviza, contrasta y realiza un aporte extraordinario con la calidez del material.<\/p>\n\n\n\n<h3 class=\"wp-block-heading\" id=\"6ef6\"><strong><em>&#8211; \u00bfQu\u00e9 otros aspectos han sido fundamentales a la hora de querer transmitir el \u2018look&amp;feel\u2019 buscado por la compa\u00f1\u00eda?<\/em><\/strong><\/h3>\n\n\n\n<p id=\"2b9e\">Fue muy importante conocer la sede anterior de la empresa y la forma en la que la habitaban, para hacer un diagn\u00f3stico de lo que funcionaba y lo que no en relaci\u00f3n a la forma de usar el espacio. La transferencia de Vera Babat, como vocera, fue fundamental. Tenemos una relaci\u00f3n de mucho tiempo y eso ayuda en el entendimiento, especialmente cuando se trata de aspectos sutiles. Y adem\u00e1s porque es la portadora de la voz de Abstracta, con la capacidad de decodificar y transferir necesidades, voluntades, deseos y anhelos. Seguramente porque disfruta mucho de la arquitectura y entiende por d\u00f3nde va nuestro desempe\u00f1o como profesionales.<\/p>\n\n\n\n<h3 class=\"wp-block-heading\" id=\"38fb\"><strong><em>De todas las interacciones generadas, \u00bfqu\u00e9 es lo que m\u00e1s te moviliz\u00f3 y ayud\u00f3 a lograr un espacio f\u00edsico representativo de la identidad de la empresa?<\/em><\/strong><\/h3>\n\n\n\n<p id=\"c4d4\">No es algo que se pueda poner en palabras, es m\u00e1s bien eso que se percibe desde el minuto 0 cuando te reun\u00eds con quienes dirigen la compa\u00f1\u00eda. Es una organizaci\u00f3n que se reconoce y se recuerda a s\u00ed misma sus or\u00edgenes. Naturalizan la evoluci\u00f3n \u201corg\u00e1nica\u201d que han tenido, dedicada, arriesgada y sostenida. Y la honran en ellos mismos, en la forma en la que se presentan. Son un grupo de personas con una humildad, incluso desde el saludo. Es imponente la forma en que todo esto te hace sentir \u201centre amigos\u201d, y esa comodidad es clave para poder desplegar tus herramientas como profesional.<\/p>\n\n\n\n<p id=\"0bd9\">A\u00fan as\u00ed, todo esto no siempre representaba un entendimiento entre lo que planteamos y lo que se entend\u00eda, como un&nbsp;<em>gap&nbsp;<\/em>entre plano de lo hiperconcreto de la ingenier\u00eda y lo abstracto de la arquitectura. En estos momentos, fue clave la figura de Vera Babat, por su capacidad de traducci\u00f3n y su conocimiento de los 2 universos.<\/p>\n\n\n<div class=\"wp-block-image\">\n<figure class=\"aligncenter is-resized\"><img loading=\"lazy\" decoding=\"async\" src=\"https:\/\/miro.medium.com\/v2\/resize:fit:630\/0*TLhHE9FDNlQji68-\" alt=\"\" width=\"908\" height=\"604\"\/><\/figure><\/div>\n\n\n<h3 class=\"wp-block-heading\" id=\"5a79\"><strong><em>&#8211; M\u00e1s del 60% de la oficina est\u00e1 destinado a espacios de colaboraci\u00f3n y encuentro. Sin embargo, inicialmente uno de los principales objetivos hab\u00eda sido sumar puestos de trabajo. \u00bfC\u00f3mo tomaron esta decisi\u00f3n?<\/em><\/strong><\/h3>\n\n\n\n<p id=\"b00b\">Nos dimos cuenta de que eran los lugares m\u00e1s pujantes, y que posiblemente estos espacios eran los que traccionar\u00edan al resto. Estudiamos las tendencias en la industria, y cruzamos estos datos con el equipo de People Care de Abstracta, que conoce en profundidad las necesidades de la comunidad abstractera.<\/p>\n\n\n\n<p id=\"9245\">La estrategia conjunta fue no cederlos ante la tentaci\u00f3n de m\u00e1s puestos de trabajo. Hoy podemos decir que fue una buena decisi\u00f3n: la pandemia acechaba y hoy el WFH es una realidad instalada. Ahora, la vuelta al trabajo en modalidad h\u00edbrida hace que esos espacios sean incluso m\u00e1s ricos que lo que proyectamos.<\/p>\n\n\n\n<h3 class=\"wp-block-heading\" id=\"e9c1\"><strong><em>&#8211; \u00bfEs posible idear un espacio que invite al esparcimiento y al trabajo a la vez, con l\u00edmites claros para comprender que se trata de un espacio de trabajo?<\/em><\/strong><\/h3>\n\n\n\n<p id=\"e9c1\">S\u00ed. Con Abstracta, nuestra estrategia fue, primero, identificar el potencial de los espacios para diferentes cometidos: colaboraci\u00f3n, encuentro y tambi\u00e9n estaciones de trabajo. Luego, entender que aunque el espacio de la casa fuera fragmentado, cada habitaci\u00f3n bien definida nos ayudaba a separar los proyectos.<\/p>\n\n\n\n<p id=\"98b6\">Consideramos que un espacio de oficina totalmente abierto, en el cual todos comparten mientras usan su escritorio, presenta un conflicto inevitable que es el de la falta de privacidad o intimidad. Una posible soluci\u00f3n es crear \u201crefugios\u201d, individuales o para colectivos peque\u00f1os, ya sea para tener reuniones o para focalizar el trabajo. Para estas actividades m\u00e1s privadas, construimos lo que denominamos como cabinas.<\/p>\n\n\n\n<p id=\"9aca\">Por otro lado, caracterizamos los espacios colectivos de acuerdo a sus usos potenciales. Esto signific\u00f3 dotarlos de equipamiento de esparcimiento, de descanso, de reuni\u00f3n, de encuentro casual, de laboratorio y de creaci\u00f3n en equipo. El objetivo era aportar versatilidad para que los equipos puedan tener libertad, con el rigor inevitable que generan los equipamientos fijos.<\/p>\n\n\n\n<p id=\"69a8\">Todo esto conduce a clarificar la estrategia de ocupaci\u00f3n del espacio: queda definido d\u00f3nde es posible focalizar, armar un equipo de producci\u00f3n, o colectivizar el entretenimiento con la comunidad, de una manera confortable y motivadora, con el espacio f\u00edsico como sostenedor y habilitador de nuevas posibilidades.<\/p>\n\n\n\n<p id=\"fc88\">\u00bfTe gustar\u00eda conocer m\u00e1s historias abstracteras?&nbsp;<a href=\"https:\/\/es.abstracta.us\/blog\/tag\/historias-abstracteras\/\" target=\"_blank\" rel=\"noreferrer noopener\">Accede aqu\u00ed<\/a>.<\/p>\n\n\n\n\n\n<p><strong>\u00a1S\u00edguenos en\u00a0<a href=\"https:\/\/bit.ly\/LinkedIn-Abstracta-Chile\" target=\"_blank\" rel=\"noreferrer noopener\">LinkedIn<\/a>,\u00a0<a href=\"https:\/\/bit.ly\/TW-Abstracta-Chile\" target=\"_blank\" rel=\"noreferrer noopener\">Twitter<\/a>,\u00a0<a href=\"https:\/\/bit.ly\/FB-Abstracta-Chile\" target=\"_blank\" rel=\"noreferrer noopener\">Facebook<\/a>,\u00a0<a href=\"https:\/\/bit.ly\/Instagram-Abstracta-Latam\" target=\"_blank\" rel=\"noreferrer noopener\">Instagram<\/a>\u00a0y\u00a0<a href=\"https:\/\/bit.ly\/YT-Abstracta\" target=\"_blank\" rel=\"noreferrer noopener\">YouTube<\/a>\u00a0para conocer m\u00e1s sobre nuestra cultura y ser parte de nuestra comunidad!<\/strong><\/p>\n","protected":false},"excerpt":{"rendered":"<p>M\u00e1s del 60% de la sede de Abstracta en Montevideo est\u00e1 compuesta por espacios de encuentro, construcci\u00f3n de v\u00ednculos y trabajo colectivo. Dise\u00f1ada a medida y conectada de ra\u00edz con la cultura uruguaya, es la fiel expresi\u00f3n de los valores y aspiraciones de la empresa, que busca su desarrollo y crecimiento constante, siempre con foco en el bienestar de su comunidad y los modos de recorrer el camino.<\/p>\n","protected":false},"author":35,"featured_media":17809,"comment_status":"open","ping_status":"open","sticky":false,"template":"","format":"standard","meta":{"footnotes":""},"categories":[6],"tags":[125,232],"class_list":["post-17802","post","type-post","status-publish","format-standard","has-post-thumbnail","hentry","category-cultura","tag-cultura-humanista","tag-historias-abstracteras"],"yoast_head":"<!-- This site is optimized with the Yoast SEO plugin v19.13 - https:\/\/yoast.com\/wordpress\/plugins\/seo\/ -->\n<title>Arquitectura de Abstracta: la historia detr\u00e1s de \u201cuna linda oficina\u201d - Abstracta<\/title>\n<meta name=\"description\" content=\"M\u00e1s del 60% de la sede de Abstracta en Montevideo est\u00e1 compuesta por espacios de encuentro, construcci\u00f3n de v\u00ednculos y trabajo colectivo. Dise\u00f1ada a medida y conectada de ra\u00edz con la cultura uruguaya, es la fiel expresi\u00f3n de los valores y aspiraciones de la empresa, que busca su desarrollo y crecimiento constante, siempre con foco en el bienestar de su comunidad y los modos de recorrer el camino.\" \/>\n<meta name=\"robots\" content=\"index, follow, max-snippet:-1, max-image-preview:large, max-video-preview:-1\" \/>\n<link rel=\"canonical\" href=\"https:\/\/es.abstracta.us\/blog\/historia-arquitectura-oficina-abstracta\/\" \/>\n<meta property=\"og:locale\" content=\"es_ES\" \/>\n<meta property=\"og:type\" content=\"article\" \/>\n<meta property=\"og:title\" content=\"Arquitectura de Abstracta: la historia detr\u00e1s de \u201cuna linda oficina\u201d - Abstracta\" \/>\n<meta property=\"og:description\" content=\"M\u00e1s del 60% de la sede de Abstracta en Montevideo est\u00e1 compuesta por espacios de encuentro, construcci\u00f3n de v\u00ednculos y trabajo colectivo. Dise\u00f1ada a medida y conectada de ra\u00edz con la cultura uruguaya, es la fiel expresi\u00f3n de los valores y aspiraciones de la empresa, que busca su desarrollo y crecimiento constante, siempre con foco en el bienestar de su comunidad y los modos de recorrer el camino.\" \/>\n<meta property=\"og:url\" content=\"https:\/\/es.abstracta.us\/blog\/historia-arquitectura-oficina-abstracta\/\" \/>\n<meta property=\"og:site_name\" content=\"Blog de Desarrollo de Software, Testing e Inteligencia Artificial | Abstracta\" \/>\n<meta property=\"article:publisher\" content=\"https:\/\/www.facebook.com\/AbstractaChile\/\" \/>\n<meta property=\"article:published_time\" content=\"2023-01-26T14:21:00+00:00\" \/>\n<meta property=\"article:modified_time\" content=\"2024-05-15T18:59:20+00:00\" \/>\n<meta property=\"og:image\" content=\"https:\/\/es.abstracta.us\/wp-content\/uploads\/2023\/01\/arquitectura-abstracta-historia-oficina-1024x576.png\" \/>\n\t<meta property=\"og:image:width\" content=\"1024\" \/>\n\t<meta property=\"og:image:height\" content=\"576\" \/>\n\t<meta property=\"og:image:type\" content=\"image\/png\" \/>\n<meta name=\"author\" content=\"Natalie Rodgers, Marketing Team Lead\" \/>\n<meta name=\"twitter:card\" content=\"summary_large_image\" \/>\n<meta name=\"twitter:creator\" content=\"@AbstractaChile\" \/>\n<meta name=\"twitter:site\" content=\"@AbstractaChile\" \/>\n<meta name=\"twitter:label1\" content=\"Written by\" \/>\n\t<meta name=\"twitter:data1\" content=\"Natalie Rodgers, Marketing Team Lead\" \/>\n\t<meta name=\"twitter:label2\" content=\"Est. reading time\" \/>\n\t<meta name=\"twitter:data2\" content=\"10 minutos\" \/>\n<script type=\"application\/ld+json\" class=\"yoast-schema-graph\">{\"@context\":\"https:\/\/schema.org\",\"@graph\":[{\"@type\":\"Article\",\"@id\":\"https:\/\/es.abstracta.us\/blog\/historia-arquitectura-oficina-abstracta\/#article\",\"isPartOf\":{\"@id\":\"https:\/\/es.abstracta.us\/blog\/historia-arquitectura-oficina-abstracta\/\"},\"author\":{\"name\":\"Natalie Rodgers, Marketing Team Lead\",\"@id\":\"https:\/\/es.abstracta.us\/blog\/#\/schema\/person\/b7978e8cd73ff3ed2dcc7e127499b4cb\"},\"headline\":\"Arquitectura de Abstracta: la historia detr\u00e1s de \u201cuna linda oficina\u201d\",\"datePublished\":\"2023-01-26T14:21:00+00:00\",\"dateModified\":\"2024-05-15T18:59:20+00:00\",\"mainEntityOfPage\":{\"@id\":\"https:\/\/es.abstracta.us\/blog\/historia-arquitectura-oficina-abstracta\/\"},\"wordCount\":2091,\"commentCount\":0,\"publisher\":{\"@id\":\"https:\/\/es.abstracta.us\/blog\/#organization\"},\"keywords\":[\"Cultura humanista\",\"Historias abstracteras\"],\"articleSection\":[\"Cultura\"],\"inLanguage\":\"es-CL\",\"potentialAction\":[{\"@type\":\"CommentAction\",\"name\":\"Comment\",\"target\":[\"https:\/\/es.abstracta.us\/blog\/historia-arquitectura-oficina-abstracta\/#respond\"]}]},{\"@type\":\"WebPage\",\"@id\":\"https:\/\/es.abstracta.us\/blog\/historia-arquitectura-oficina-abstracta\/\",\"url\":\"https:\/\/es.abstracta.us\/blog\/historia-arquitectura-oficina-abstracta\/\",\"name\":\"Arquitectura de Abstracta: la historia detr\u00e1s de \u201cuna linda oficina\u201d - Abstracta\",\"isPartOf\":{\"@id\":\"https:\/\/es.abstracta.us\/blog\/#website\"},\"datePublished\":\"2023-01-26T14:21:00+00:00\",\"dateModified\":\"2024-05-15T18:59:20+00:00\",\"description\":\"M\u00e1s del 60% de la sede de Abstracta en Montevideo est\u00e1 compuesta por espacios de encuentro, construcci\u00f3n de v\u00ednculos y trabajo colectivo. Dise\u00f1ada a medida y conectada de ra\u00edz con la cultura uruguaya, es la fiel expresi\u00f3n de los valores y aspiraciones de la empresa, que busca su desarrollo y crecimiento constante, siempre con foco en el bienestar de su comunidad y los modos de recorrer el camino.\",\"breadcrumb\":{\"@id\":\"https:\/\/es.abstracta.us\/blog\/historia-arquitectura-oficina-abstracta\/#breadcrumb\"},\"inLanguage\":\"es-CL\",\"potentialAction\":[{\"@type\":\"ReadAction\",\"target\":[\"https:\/\/es.abstracta.us\/blog\/historia-arquitectura-oficina-abstracta\/\"]}]},{\"@type\":\"BreadcrumbList\",\"@id\":\"https:\/\/es.abstracta.us\/blog\/historia-arquitectura-oficina-abstracta\/#breadcrumb\",\"itemListElement\":[{\"@type\":\"ListItem\",\"position\":1,\"name\":\"Home\",\"item\":\"https:\/\/es.abstracta.us\/blog\/\"},{\"@type\":\"ListItem\",\"position\":2,\"name\":\"Arquitectura de Abstracta: la historia detr\u00e1s de \u201cuna linda oficina\u201d\"}]},{\"@type\":\"WebSite\",\"@id\":\"https:\/\/es.abstracta.us\/blog\/#website\",\"url\":\"https:\/\/es.abstracta.us\/blog\/\",\"name\":\"Abstracta\",\"description\":\"Recursos, buenas pr\u00e1cticas, tendencias y rese\u00f1as de herramientas de desarrollo de software, testing e Inteligencia Artificial.\",\"publisher\":{\"@id\":\"https:\/\/es.abstracta.us\/blog\/#organization\"},\"potentialAction\":[{\"@type\":\"SearchAction\",\"target\":{\"@type\":\"EntryPoint\",\"urlTemplate\":\"https:\/\/es.abstracta.us\/blog\/?s={search_term_string}\"},\"query-input\":\"required name=search_term_string\"}],\"inLanguage\":\"es-CL\"},{\"@type\":\"Organization\",\"@id\":\"https:\/\/es.abstracta.us\/blog\/#organization\",\"name\":\"Abstracta\",\"url\":\"https:\/\/es.abstracta.us\/blog\/\",\"logo\":{\"@type\":\"ImageObject\",\"inLanguage\":\"es-CL\",\"@id\":\"https:\/\/es.abstracta.us\/blog\/#\/schema\/logo\/image\/\",\"url\":\"https:\/\/es.abstracta.us\/wp-content\/uploads\/2024\/03\/abstracta-logo.png\",\"contentUrl\":\"https:\/\/es.abstracta.us\/wp-content\/uploads\/2024\/03\/abstracta-logo.png\",\"width\":1217,\"height\":300,\"caption\":\"Abstracta\"},\"image\":{\"@id\":\"https:\/\/es.abstracta.us\/blog\/#\/schema\/logo\/image\/\"},\"sameAs\":[\"https:\/\/www.instagram.com\/we_are_abstracta\/\",\"https:\/\/www.linkedin.com\/showcase\/abstracta-chile\/\",\"https:\/\/www.youtube.com\/channel\/UCj4dx2LZCRcgM8GzxYEKYeQ\",\"https:\/\/www.facebook.com\/AbstractaChile\/\",\"https:\/\/twitter.com\/AbstractaChile\"]},{\"@type\":\"Person\",\"@id\":\"https:\/\/es.abstracta.us\/blog\/#\/schema\/person\/b7978e8cd73ff3ed2dcc7e127499b4cb\",\"name\":\"Natalie Rodgers, Marketing Team Lead\",\"image\":{\"@type\":\"ImageObject\",\"inLanguage\":\"es-CL\",\"@id\":\"https:\/\/es.abstracta.us\/blog\/#\/schema\/person\/image\/\",\"url\":\"https:\/\/secure.gravatar.com\/avatar\/9a23da822367e20ddb98b59d5273eb3e?s=96&d=mm&r=g\",\"contentUrl\":\"https:\/\/secure.gravatar.com\/avatar\/9a23da822367e20ddb98b59d5273eb3e?s=96&d=mm&r=g\",\"caption\":\"Natalie Rodgers, Marketing Team Lead\"},\"sameAs\":[\"https:\/\/es.abstracta.us\/\"],\"url\":\"https:\/\/es.abstracta.us\/blog\/author\/natalie-rodgers\/\"}]}<\/script>\n<!-- \/ Yoast SEO plugin. -->","yoast_head_json":{"title":"Arquitectura de Abstracta: la historia detr\u00e1s de \u201cuna linda oficina\u201d - Abstracta","description":"M\u00e1s del 60% de la sede de Abstracta en Montevideo est\u00e1 compuesta por espacios de encuentro, construcci\u00f3n de v\u00ednculos y trabajo colectivo. Dise\u00f1ada a medida y conectada de ra\u00edz con la cultura uruguaya, es la fiel expresi\u00f3n de los valores y aspiraciones de la empresa, que busca su desarrollo y crecimiento constante, siempre con foco en el bienestar de su comunidad y los modos de recorrer el camino.","robots":{"index":"index","follow":"follow","max-snippet":"max-snippet:-1","max-image-preview":"max-image-preview:large","max-video-preview":"max-video-preview:-1"},"canonical":"https:\/\/es.abstracta.us\/blog\/historia-arquitectura-oficina-abstracta\/","og_locale":"es_ES","og_type":"article","og_title":"Arquitectura de Abstracta: la historia detr\u00e1s de \u201cuna linda oficina\u201d - Abstracta","og_description":"M\u00e1s del 60% de la sede de Abstracta en Montevideo est\u00e1 compuesta por espacios de encuentro, construcci\u00f3n de v\u00ednculos y trabajo colectivo. Dise\u00f1ada a medida y conectada de ra\u00edz con la cultura uruguaya, es la fiel expresi\u00f3n de los valores y aspiraciones de la empresa, que busca su desarrollo y crecimiento constante, siempre con foco en el bienestar de su comunidad y los modos de recorrer el camino.","og_url":"https:\/\/es.abstracta.us\/blog\/historia-arquitectura-oficina-abstracta\/","og_site_name":"Blog de Desarrollo de Software, Testing e Inteligencia Artificial | Abstracta","article_publisher":"https:\/\/www.facebook.com\/AbstractaChile\/","article_published_time":"2023-01-26T14:21:00+00:00","article_modified_time":"2024-05-15T18:59:20+00:00","og_image":[{"width":1024,"height":576,"url":"https:\/\/es.abstracta.us\/wp-content\/uploads\/2023\/01\/arquitectura-abstracta-historia-oficina-1024x576.png","type":"image\/png"}],"author":"Natalie Rodgers, Marketing Team Lead","twitter_card":"summary_large_image","twitter_creator":"@AbstractaChile","twitter_site":"@AbstractaChile","twitter_misc":{"Written by":"Natalie Rodgers, Marketing Team Lead","Est. reading time":"10 minutos"},"schema":{"@context":"https:\/\/schema.org","@graph":[{"@type":"Article","@id":"https:\/\/es.abstracta.us\/blog\/historia-arquitectura-oficina-abstracta\/#article","isPartOf":{"@id":"https:\/\/es.abstracta.us\/blog\/historia-arquitectura-oficina-abstracta\/"},"author":{"name":"Natalie Rodgers, Marketing Team Lead","@id":"https:\/\/es.abstracta.us\/blog\/#\/schema\/person\/b7978e8cd73ff3ed2dcc7e127499b4cb"},"headline":"Arquitectura de Abstracta: la historia detr\u00e1s de \u201cuna linda oficina\u201d","datePublished":"2023-01-26T14:21:00+00:00","dateModified":"2024-05-15T18:59:20+00:00","mainEntityOfPage":{"@id":"https:\/\/es.abstracta.us\/blog\/historia-arquitectura-oficina-abstracta\/"},"wordCount":2091,"commentCount":0,"publisher":{"@id":"https:\/\/es.abstracta.us\/blog\/#organization"},"keywords":["Cultura humanista","Historias abstracteras"],"articleSection":["Cultura"],"inLanguage":"es-CL","potentialAction":[{"@type":"CommentAction","name":"Comment","target":["https:\/\/es.abstracta.us\/blog\/historia-arquitectura-oficina-abstracta\/#respond"]}]},{"@type":"WebPage","@id":"https:\/\/es.abstracta.us\/blog\/historia-arquitectura-oficina-abstracta\/","url":"https:\/\/es.abstracta.us\/blog\/historia-arquitectura-oficina-abstracta\/","name":"Arquitectura de Abstracta: la historia detr\u00e1s de \u201cuna linda oficina\u201d - Abstracta","isPartOf":{"@id":"https:\/\/es.abstracta.us\/blog\/#website"},"datePublished":"2023-01-26T14:21:00+00:00","dateModified":"2024-05-15T18:59:20+00:00","description":"M\u00e1s del 60% de la sede de Abstracta en Montevideo est\u00e1 compuesta por espacios de encuentro, construcci\u00f3n de v\u00ednculos y trabajo colectivo. Dise\u00f1ada a medida y conectada de ra\u00edz con la cultura uruguaya, es la fiel expresi\u00f3n de los valores y aspiraciones de la empresa, que busca su desarrollo y crecimiento constante, siempre con foco en el bienestar de su comunidad y los modos de recorrer el camino.","breadcrumb":{"@id":"https:\/\/es.abstracta.us\/blog\/historia-arquitectura-oficina-abstracta\/#breadcrumb"},"inLanguage":"es-CL","potentialAction":[{"@type":"ReadAction","target":["https:\/\/es.abstracta.us\/blog\/historia-arquitectura-oficina-abstracta\/"]}]},{"@type":"BreadcrumbList","@id":"https:\/\/es.abstracta.us\/blog\/historia-arquitectura-oficina-abstracta\/#breadcrumb","itemListElement":[{"@type":"ListItem","position":1,"name":"Home","item":"https:\/\/es.abstracta.us\/blog\/"},{"@type":"ListItem","position":2,"name":"Arquitectura de Abstracta: la historia detr\u00e1s de \u201cuna linda oficina\u201d"}]},{"@type":"WebSite","@id":"https:\/\/es.abstracta.us\/blog\/#website","url":"https:\/\/es.abstracta.us\/blog\/","name":"Abstracta","description":"Recursos, buenas pr\u00e1cticas, tendencias y rese\u00f1as de herramientas de desarrollo de software, testing e Inteligencia Artificial.","publisher":{"@id":"https:\/\/es.abstracta.us\/blog\/#organization"},"potentialAction":[{"@type":"SearchAction","target":{"@type":"EntryPoint","urlTemplate":"https:\/\/es.abstracta.us\/blog\/?s={search_term_string}"},"query-input":"required name=search_term_string"}],"inLanguage":"es-CL"},{"@type":"Organization","@id":"https:\/\/es.abstracta.us\/blog\/#organization","name":"Abstracta","url":"https:\/\/es.abstracta.us\/blog\/","logo":{"@type":"ImageObject","inLanguage":"es-CL","@id":"https:\/\/es.abstracta.us\/blog\/#\/schema\/logo\/image\/","url":"https:\/\/es.abstracta.us\/wp-content\/uploads\/2024\/03\/abstracta-logo.png","contentUrl":"https:\/\/es.abstracta.us\/wp-content\/uploads\/2024\/03\/abstracta-logo.png","width":1217,"height":300,"caption":"Abstracta"},"image":{"@id":"https:\/\/es.abstracta.us\/blog\/#\/schema\/logo\/image\/"},"sameAs":["https:\/\/www.instagram.com\/we_are_abstracta\/","https:\/\/www.linkedin.com\/showcase\/abstracta-chile\/","https:\/\/www.youtube.com\/channel\/UCj4dx2LZCRcgM8GzxYEKYeQ","https:\/\/www.facebook.com\/AbstractaChile\/","https:\/\/twitter.com\/AbstractaChile"]},{"@type":"Person","@id":"https:\/\/es.abstracta.us\/blog\/#\/schema\/person\/b7978e8cd73ff3ed2dcc7e127499b4cb","name":"Natalie Rodgers, Marketing Team Lead","image":{"@type":"ImageObject","inLanguage":"es-CL","@id":"https:\/\/es.abstracta.us\/blog\/#\/schema\/person\/image\/","url":"https:\/\/secure.gravatar.com\/avatar\/9a23da822367e20ddb98b59d5273eb3e?s=96&d=mm&r=g","contentUrl":"https:\/\/secure.gravatar.com\/avatar\/9a23da822367e20ddb98b59d5273eb3e?s=96&d=mm&r=g","caption":"Natalie Rodgers, Marketing Team Lead"},"sameAs":["https:\/\/es.abstracta.us\/"],"url":"https:\/\/es.abstracta.us\/blog\/author\/natalie-rodgers\/"}]}},"jetpack_featured_media_url":"https:\/\/es.abstracta.us\/wp-content\/uploads\/2023\/01\/arquitectura-abstracta-historia-oficina.png","_links":{"self":[{"href":"https:\/\/es.abstracta.us\/blog\/wp-json\/wp\/v2\/posts\/17802"}],"collection":[{"href":"https:\/\/es.abstracta.us\/blog\/wp-json\/wp\/v2\/posts"}],"about":[{"href":"https:\/\/es.abstracta.us\/blog\/wp-json\/wp\/v2\/types\/post"}],"author":[{"embeddable":true,"href":"https:\/\/es.abstracta.us\/blog\/wp-json\/wp\/v2\/users\/35"}],"replies":[{"embeddable":true,"href":"https:\/\/es.abstracta.us\/blog\/wp-json\/wp\/v2\/comments?post=17802"}],"version-history":[{"count":2,"href":"https:\/\/es.abstracta.us\/blog\/wp-json\/wp\/v2\/posts\/17802\/revisions"}],"predecessor-version":[{"id":17811,"href":"https:\/\/es.abstracta.us\/blog\/wp-json\/wp\/v2\/posts\/17802\/revisions\/17811"}],"wp:featuredmedia":[{"embeddable":true,"href":"https:\/\/es.abstracta.us\/blog\/wp-json\/wp\/v2\/media\/17809"}],"wp:attachment":[{"href":"https:\/\/es.abstracta.us\/blog\/wp-json\/wp\/v2\/media?parent=17802"}],"wp:term":[{"taxonomy":"category","embeddable":true,"href":"https:\/\/es.abstracta.us\/blog\/wp-json\/wp\/v2\/categories?post=17802"},{"taxonomy":"post_tag","embeddable":true,"href":"https:\/\/es.abstracta.us\/blog\/wp-json\/wp\/v2\/tags?post=17802"}],"curies":[{"name":"wp","href":"https:\/\/api.w.org\/{rel}","templated":true}]}}