{"id":17390,"date":"2024-04-15T15:40:10","date_gmt":"2024-04-15T19:40:10","guid":{"rendered":"https:\/\/es.abstracta.us\/blog\/?p=17390"},"modified":"2024-06-19T10:55:10","modified_gmt":"2024-06-19T14:55:10","slug":"valores-pilares-quality-sense-conf","status":"publish","type":"post","link":"https:\/\/es.abstracta.us\/blog\/valores-pilares-quality-sense-conf\/","title":{"rendered":"Valores de la Quality Sense Conf 2024"},"content":{"rendered":"\n<p>\u00bfTe gustar\u00eda conocer los principios y valores&nbsp;fundamentales que gu\u00edan la Quality Sense Conf? Te lo contamos todo en este art\u00edculo, con el fin de crear un ambiente seguro y acogedor tanto para <em>speakers <\/em>y <em>sponsors<\/em> como asistentes.<\/p>\n\n\n\n<figure class=\"wp-block-image size-large\"><img loading=\"lazy\" decoding=\"async\" width=\"1024\" height=\"683\" src=\"https:\/\/es.abstracta.us\/wp-content\/uploads\/2024\/04\/valores-pilares-quality-sense-conf-1024x683.jpg\" alt=\"\" class=\"wp-image-17507\" srcset=\"https:\/\/es.abstracta.us\/wp-content\/uploads\/2024\/04\/valores-pilares-quality-sense-conf-1024x683.jpg 1024w, https:\/\/es.abstracta.us\/wp-content\/uploads\/2024\/04\/valores-pilares-quality-sense-conf-300x200.jpg 300w, https:\/\/es.abstracta.us\/wp-content\/uploads\/2024\/04\/valores-pilares-quality-sense-conf-768x512.jpg 768w, https:\/\/es.abstracta.us\/wp-content\/uploads\/2024\/04\/valores-pilares-quality-sense-conf-1536x1024.jpg 1536w, https:\/\/es.abstracta.us\/wp-content\/uploads\/2024\/04\/valores-pilares-quality-sense-conf-2048x1365.jpg 2048w, https:\/\/es.abstracta.us\/wp-content\/uploads\/2024\/04\/valores-pilares-quality-sense-conf-18x12.jpg 18w\" sizes=\"(max-width: 1024px) 100vw, 1024px\" \/><\/figure>\n\n\n\n<p><strong>Nos emociona presentar los principales valores de la Quality Sense Conf<\/strong>, un evento que creamos en 2022 en Uruguay, con el fin de ampliar el acceso al conocimiento y posicionar a Am\u00e9rica Latina como<em> hub<\/em> digital en el mundo. Llevamos adelante la 2da edici\u00f3n en 2023 en Chile, y este a\u00f1o lo celebraremos en Colombia.<\/p>\n\n\n\n<p><strong>En esta conferencia, no solo celebramos los avances en el campo tecnol\u00f3gico, sino que tambi\u00e9n nos esforzamos por crear un ambiente donde todas las personas se sientan valoradas y bienvenidas.&nbsp;<\/strong><\/p>\n\n\n\n<p>Te invitamos a explorar nuestros valores fundamentales y los pilares del evento. Acomp\u00e1\u00f1anos por el recorrido de estos principios para comprender c\u00f3mo nos ayudan a dar forma a la experiencia de la Quality Sense Conf y a hacerla verdaderamente memorable.<\/p>\n\n\n\n<h2 class=\"wp-block-heading\"><strong>Valores de la Quality Sense Conf<\/strong><\/h2>\n\n\n\n<p>\u2705 Valoramos el intercambio de conocimientos y experiencias. Buscamos crear un ambiente de aprendizaje y colaboraci\u00f3n mutua.<\/p>\n\n\n\n<p>\u2705 Apreciamos el libre acceso al conocimiento. Por eso, llevamos adelante una conferencia abierta y gratuita, y fomentamos la participaci\u00f3n sin barreras.<\/p>\n\n\n\n<p>\u2705 Hacemos todo lo posible para garantizar la diversidad de <em>speakers<\/em>, como un reflejo de la amplia gama de perspectivas y experiencias en nuestra comunidad.<\/p>\n\n\n\n<p>\u2705 Perseguimos la excelencia t\u00e9cnica y el aporte de contenidos valiosos,&nbsp;en busca de contribuir con el crecimiento de nuestra industria.<\/p>\n\n\n\n<p>\u2705 Promovemos y defendemos las actividades de testing como esenciales para el desarrollo de software de calidad, en todas las etapas del ciclo de vida del desarrollo.<\/p>\n\n\n\n<p>\u2705 Buscamos posicionar a Latinoam\u00e9rica como un referente global en la calidad del software, con el fin de evidenciar y potenciar el talento y la capacidad de innovaci\u00f3n de la regi\u00f3n.<\/p>\n\n\n\n<p>\u2705 Trabajamos para crear un entorno acogedor y estimulante, para ofrecerte una experiencia \u00fanica en una conferencia excepcional.<\/p>\n\n\n\n<h2 class=\"wp-block-heading\"><strong>Pilares del evento<\/strong><\/h2>\n\n\n\n<ol class=\"wp-block-list\">\n<li><strong>Respeto y cortes\u00eda<\/strong><\/li>\n<\/ol>\n\n\n\n<p>En la Quality Sense Conf, nos esforzamos por cultivar un ambiente de respeto mutuo y cortes\u00eda. Valoramos la individualidad y todos los aportes que sean constructivos. Por eso, esperamos que cada participante trate con amabilidad y consideraci\u00f3n a todas las personas que participen en la conferencia, en todo momento.<\/p>\n\n\n\n<ol class=\"wp-block-list\" start=\"2\">\n<li><strong>Ambiente seguro y acogedor<\/strong><\/li>\n<\/ol>\n\n\n\n<p>Nos comprometemos a proporcionar un ambiente seguro y acogedor, donde cada persona se sienta libre de expresarse sin temor a ning\u00fan tipo de acoso o discriminaci\u00f3n. Fomentamos que hagan preguntas y realicen los aportes que consideren, como un pilar para favorecer el intercambio y crecimiento mutuo.&nbsp;<\/p>\n\n\n\n<ol class=\"wp-block-list\" start=\"3\">\n<li><strong>Colaboraci\u00f3n y diversidad<\/strong><\/li>\n<\/ol>\n\n\n\n<p>Creemos en el poder de la colaboraci\u00f3n y la diversidad para enriquecer nuestras experiencias y perspectivas. Valoramos la multiplicidad de voces y culturas presentes en nuestra comunidad. Por ello, alentamos activamente la participaci\u00f3n de todas las personas que asistan a la conferencia.<\/p>\n\n\n\n<ol class=\"wp-block-list\" start=\"4\">\n<li><strong>Accesibilidad&nbsp;<\/strong><\/li>\n<\/ol>\n\n\n\n<p>Nos esforzamos por hacer que la Quality Sense Conf sea accesible para todas las personas, independientemente de sus condiciones y circunstancias. Trabajamos activamente para reducir al m\u00e1ximo las barreras tecnol\u00f3gicas y promover la igualdad de oportunidades.<\/p>\n\n\n\n<ol class=\"wp-block-list\" start=\"5\">\n<li><strong>Conciencia del contexto local y global<\/strong><\/li>\n<\/ol>\n\n\n\n<p>Entendemos la importancia de estar conscientes del contexto en el que operamos, tanto a nivel local como global. Nos comprometemos a considerar las necesidades y preocupaciones espec\u00edficas de nuestra comunidad, as\u00ed como a contribuir positivamente al desarrollo sostenible de nuestra sociedad a trav\u00e9s de nuestros aportes.<\/p>\n\n\n\n<ol class=\"wp-block-list\" start=\"6\">\n<li><strong><em>Networking<\/em> para conectar<\/strong><\/li>\n<\/ol>\n\n\n\n<p>Fomentamos e impulsamos la interacci\u00f3n y el intercambio de ideas entre participantes provenientes de m\u00faltiples espacios geogr\u00e1ficos y empresas, que desempe\u00f1an una amplia diversidad de roles.<\/p>\n\n\n\n<p>La Quality Sense Conf no solo es una oportunidad para aprender, sino tambi\u00e9n para establecer conexiones significativas con profesionales de la industria, con el fin de que nuestra industria siga creciendo.<\/p>\n\n\n\n<ol class=\"wp-block-list\" start=\"7\">\n<li><strong>Promoci\u00f3n de un esp\u00edritu de comunidad<\/strong><\/li>\n<\/ol>\n\n\n\n<p>Nos esforzamos por crear una comunidad consciente y solidaria. Alentamos a todas las personas participantes a colaborar entre s\u00ed, compartir sus conocimientos y experiencias, y contribuir al crecimiento y bienestar de nuestra comunidad en su conjunto.<\/p>\n\n\n\n<h2 class=\"wp-block-heading\">En pocas palabras<\/h2>\n\n\n\n<p><strong>Queremos celebrar la pasi\u00f3n y el entusiasmo que compartimos por la tecnolog\u00eda y la innovaci\u00f3n. <\/strong>Por eso, en la Quality Sense Conf, buscamos inspirarnos mutuamente para impactar positivamente en la sociedad a trav\u00e9s de nuestras contribuciones en el campo tecnol\u00f3gico.&nbsp;<\/p>\n\n\n\n<p>Esperamos que este evento sea una experiencia enriquecedora y gratificante para ti, y que te lleves contigo nuevas conexiones, aprendizajes y recuerdos duraderos.&nbsp;<\/p>\n\n\n\n<p><strong>\u00bfTe gustar\u00eda saber c\u00f3mo Quality Sense Conf est\u00e1 redefiniendo la industria tecnol\u00f3gica? En <a href=\"https:\/\/es.abstracta.us\/blog\/quality-sense-conf-evento-tecnologia-calidad-software-latam\/\" target=\"_blank\" rel=\"noreferrer noopener\">este art\u00edculo<\/a>, compartimos relatos de <em>speakers<\/em> y <em>sponsors<\/em> de la conferencia<\/strong>, para figurar c\u00f3mo este evento est\u00e1 ayudando a posicionar a Am\u00e9rica Latina como un<em> hub<\/em> digital l\u00edder en el mundo.<\/p>\n\n\n\n<p><strong>\u00a1Gracias por formar parte de nuestra comunidad!<\/strong><\/p>\n\n\n\n\n\n<p>Te invitamos a seguirnos en <a href=\"https:\/\/bit.ly\/LinkedIn-Abstracta-Chile\" target=\"_blank\" rel=\"noreferrer noopener\"><strong>LinkedIn<\/strong><\/a><strong>,&nbsp;<\/strong><a href=\"https:\/\/bit.ly\/TW-Abstracta-Chile\"><strong>X<\/strong><\/a><strong>,&nbsp;<\/strong><a href=\"https:\/\/bit.ly\/FB-Abstracta-Chile\" target=\"_blank\" rel=\"noreferrer noopener\"><strong>Facebook<\/strong><\/a><strong>,&nbsp;<\/strong><a href=\"https:\/\/bit.ly\/Instagram-Abstracta-Latam\" target=\"_blank\" rel=\"noreferrer noopener\"><strong>Instagram<\/strong><\/a><strong>&nbsp;y&nbsp;<\/strong><a href=\"https:\/\/bit.ly\/YT-Abstracta\" target=\"_blank\" rel=\"noreferrer noopener\"><strong>YouTube<\/strong><\/a> para enterarte de todas las novedades.<\/p>\n","protected":false},"excerpt":{"rendered":"<p>\u00bfTe gustar\u00eda conocer los principios y valores\u00a0fundamentales que gu\u00edan la Quality Sense Conf? Te lo contamos todo en este art\u00edculo, con el fin de crear un ambiente seguro y acogedor tanto para speakers y sponsors como asistentes.<\/p>\n","protected":false},"author":9,"featured_media":17515,"comment_status":"open","ping_status":"open","sticky":false,"template":"","format":"standard","meta":{"footnotes":""},"categories":[6,229],"tags":[125,146,223],"class_list":["post-17390","post","type-post","status-publish","format-standard","has-post-thumbnail","hentry","category-cultura","category-eventos","tag-cultura-humanista","tag-eventos","tag-quality-sense-conf"],"yoast_head":"<!-- This site is optimized with the Yoast SEO plugin v19.13 - https:\/\/yoast.com\/wordpress\/plugins\/seo\/ -->\n<title>Valores de la Quality Sense Conf 2024 - Abstracta<\/title>\n<meta name=\"description\" content=\"\u00bfTe gustar\u00eda conocer los principios y valores\u00a0fundamentales que gu\u00edan la Quality Sense Conf? Te lo contamos todo en este art\u00edculo, con el fin de crear un ambiente seguro y acogedor tanto para speakers y sponsors como asistentes.\" \/>\n<meta name=\"robots\" content=\"index, follow, max-snippet:-1, max-image-preview:large, max-video-preview:-1\" \/>\n<link rel=\"canonical\" href=\"https:\/\/es.abstracta.us\/blog\/valores-pilares-quality-sense-conf\/\" \/>\n<meta property=\"og:locale\" content=\"es_ES\" \/>\n<meta property=\"og:type\" content=\"article\" \/>\n<meta property=\"og:title\" content=\"Valores de la Quality Sense Conf 2024 - Abstracta\" \/>\n<meta property=\"og:description\" content=\"\u00bfTe gustar\u00eda conocer los principios y valores\u00a0fundamentales que gu\u00edan la Quality Sense Conf? Te lo contamos todo en este art\u00edculo, con el fin de crear un ambiente seguro y acogedor tanto para speakers y sponsors como asistentes.\" \/>\n<meta property=\"og:url\" content=\"https:\/\/es.abstracta.us\/blog\/valores-pilares-quality-sense-conf\/\" \/>\n<meta property=\"og:site_name\" content=\"Blog de Desarrollo de Software, Testing e Inteligencia Artificial | Abstracta\" \/>\n<meta property=\"article:publisher\" content=\"https:\/\/www.facebook.com\/AbstractaChile\/\" \/>\n<meta property=\"article:published_time\" content=\"2024-04-15T19:40:10+00:00\" \/>\n<meta property=\"article:modified_time\" content=\"2024-06-19T14:55:10+00:00\" \/>\n<meta property=\"og:image\" content=\"https:\/\/es.abstracta.us\/wp-content\/uploads\/2024\/04\/valores-pilares-quality-sense-conf-2-1024x576.png\" \/>\n\t<meta property=\"og:image:width\" content=\"1024\" \/>\n\t<meta property=\"og:image:height\" content=\"576\" \/>\n\t<meta property=\"og:image:type\" content=\"image\/png\" \/>\n<meta name=\"author\" content=\"Federico Toledo, Chief Quality Officer en Abstracta\" \/>\n<meta name=\"twitter:card\" content=\"summary_large_image\" \/>\n<meta name=\"twitter:creator\" content=\"@fltoledo\" \/>\n<meta name=\"twitter:site\" content=\"@AbstractaChile\" \/>\n<meta name=\"twitter:label1\" content=\"Written by\" \/>\n\t<meta name=\"twitter:data1\" content=\"Federico Toledo, Chief Quality Officer en Abstracta\" \/>\n\t<meta name=\"twitter:label2\" content=\"Est. reading time\" \/>\n\t<meta name=\"twitter:data2\" content=\"4 minutos\" \/>\n<script type=\"application\/ld+json\" class=\"yoast-schema-graph\">{\"@context\":\"https:\/\/schema.org\",\"@graph\":[{\"@type\":\"Article\",\"@id\":\"https:\/\/es.abstracta.us\/blog\/valores-pilares-quality-sense-conf\/#article\",\"isPartOf\":{\"@id\":\"https:\/\/es.abstracta.us\/blog\/valores-pilares-quality-sense-conf\/\"},\"author\":{\"name\":\"Federico Toledo, Chief Quality Officer en Abstracta\",\"@id\":\"https:\/\/es.abstracta.us\/blog\/#\/schema\/person\/394e6ba8f90dc5b3c2bd05887419a4af\"},\"headline\":\"Valores de la Quality Sense Conf 2024\",\"datePublished\":\"2024-04-15T19:40:10+00:00\",\"dateModified\":\"2024-06-19T14:55:10+00:00\",\"mainEntityOfPage\":{\"@id\":\"https:\/\/es.abstracta.us\/blog\/valores-pilares-quality-sense-conf\/\"},\"wordCount\":839,\"commentCount\":0,\"publisher\":{\"@id\":\"https:\/\/es.abstracta.us\/blog\/#organization\"},\"keywords\":[\"Cultura humanista\",\"Eventos\",\"Quality Sense Conf\"],\"articleSection\":[\"Cultura\",\"Eventos\"],\"inLanguage\":\"es-CL\",\"potentialAction\":[{\"@type\":\"CommentAction\",\"name\":\"Comment\",\"target\":[\"https:\/\/es.abstracta.us\/blog\/valores-pilares-quality-sense-conf\/#respond\"]}]},{\"@type\":\"WebPage\",\"@id\":\"https:\/\/es.abstracta.us\/blog\/valores-pilares-quality-sense-conf\/\",\"url\":\"https:\/\/es.abstracta.us\/blog\/valores-pilares-quality-sense-conf\/\",\"name\":\"Valores de la Quality Sense Conf 2024 - Abstracta\",\"isPartOf\":{\"@id\":\"https:\/\/es.abstracta.us\/blog\/#website\"},\"datePublished\":\"2024-04-15T19:40:10+00:00\",\"dateModified\":\"2024-06-19T14:55:10+00:00\",\"description\":\"\u00bfTe gustar\u00eda conocer los principios y valores\u00a0fundamentales que gu\u00edan la Quality Sense Conf? Te lo contamos todo en este art\u00edculo, con el fin de crear un ambiente seguro y acogedor tanto para speakers y sponsors como asistentes.\",\"breadcrumb\":{\"@id\":\"https:\/\/es.abstracta.us\/blog\/valores-pilares-quality-sense-conf\/#breadcrumb\"},\"inLanguage\":\"es-CL\",\"potentialAction\":[{\"@type\":\"ReadAction\",\"target\":[\"https:\/\/es.abstracta.us\/blog\/valores-pilares-quality-sense-conf\/\"]}]},{\"@type\":\"BreadcrumbList\",\"@id\":\"https:\/\/es.abstracta.us\/blog\/valores-pilares-quality-sense-conf\/#breadcrumb\",\"itemListElement\":[{\"@type\":\"ListItem\",\"position\":1,\"name\":\"Home\",\"item\":\"https:\/\/es.abstracta.us\/blog\/\"},{\"@type\":\"ListItem\",\"position\":2,\"name\":\"Valores de la Quality Sense Conf 2024\"}]},{\"@type\":\"WebSite\",\"@id\":\"https:\/\/es.abstracta.us\/blog\/#website\",\"url\":\"https:\/\/es.abstracta.us\/blog\/\",\"name\":\"Abstracta\",\"description\":\"Recursos, buenas pr\u00e1cticas, tendencias y rese\u00f1as de herramientas de desarrollo de software, testing e Inteligencia Artificial.\",\"publisher\":{\"@id\":\"https:\/\/es.abstracta.us\/blog\/#organization\"},\"potentialAction\":[{\"@type\":\"SearchAction\",\"target\":{\"@type\":\"EntryPoint\",\"urlTemplate\":\"https:\/\/es.abstracta.us\/blog\/?s={search_term_string}\"},\"query-input\":\"required name=search_term_string\"}],\"inLanguage\":\"es-CL\"},{\"@type\":\"Organization\",\"@id\":\"https:\/\/es.abstracta.us\/blog\/#organization\",\"name\":\"Abstracta\",\"url\":\"https:\/\/es.abstracta.us\/blog\/\",\"logo\":{\"@type\":\"ImageObject\",\"inLanguage\":\"es-CL\",\"@id\":\"https:\/\/es.abstracta.us\/blog\/#\/schema\/logo\/image\/\",\"url\":\"https:\/\/es.abstracta.us\/wp-content\/uploads\/2024\/03\/abstracta-logo.png\",\"contentUrl\":\"https:\/\/es.abstracta.us\/wp-content\/uploads\/2024\/03\/abstracta-logo.png\",\"width\":1217,\"height\":300,\"caption\":\"Abstracta\"},\"image\":{\"@id\":\"https:\/\/es.abstracta.us\/blog\/#\/schema\/logo\/image\/\"},\"sameAs\":[\"https:\/\/www.instagram.com\/we_are_abstracta\/\",\"https:\/\/www.linkedin.com\/showcase\/abstracta-chile\/\",\"https:\/\/www.youtube.com\/channel\/UCj4dx2LZCRcgM8GzxYEKYeQ\",\"https:\/\/www.facebook.com\/AbstractaChile\/\",\"https:\/\/twitter.com\/AbstractaChile\"]},{\"@type\":\"Person\",\"@id\":\"https:\/\/es.abstracta.us\/blog\/#\/schema\/person\/394e6ba8f90dc5b3c2bd05887419a4af\",\"name\":\"Federico Toledo, Chief Quality Officer en Abstracta\",\"image\":{\"@type\":\"ImageObject\",\"inLanguage\":\"es-CL\",\"@id\":\"https:\/\/es.abstracta.us\/blog\/#\/schema\/person\/image\/\",\"url\":\"https:\/\/secure.gravatar.com\/avatar\/5a791bcef3d344e8a3a4e95c143fa27c?s=96&d=mm&r=g\",\"contentUrl\":\"https:\/\/secure.gravatar.com\/avatar\/5a791bcef3d344e8a3a4e95c143fa27c?s=96&d=mm&r=g\",\"caption\":\"Federico Toledo, Chief Quality Officer en Abstracta\"},\"description\":\"Chief Quality Officer en Abstracta\",\"sameAs\":[\"http:\/\/cl.abstracta.us\",\"https:\/\/www.linkedin.com\/in\/federicotoledo\/\",\"https:\/\/twitter.com\/fltoledo\"],\"url\":\"https:\/\/es.abstracta.us\/blog\/author\/federico-toledo\/\"}]}<\/script>\n<!-- \/ Yoast SEO plugin. -->","yoast_head_json":{"title":"Valores de la Quality Sense Conf 2024 - Abstracta","description":"\u00bfTe gustar\u00eda conocer los principios y valores\u00a0fundamentales que gu\u00edan la Quality Sense Conf? Te lo contamos todo en este art\u00edculo, con el fin de crear un ambiente seguro y acogedor tanto para speakers y sponsors como asistentes.","robots":{"index":"index","follow":"follow","max-snippet":"max-snippet:-1","max-image-preview":"max-image-preview:large","max-video-preview":"max-video-preview:-1"},"canonical":"https:\/\/es.abstracta.us\/blog\/valores-pilares-quality-sense-conf\/","og_locale":"es_ES","og_type":"article","og_title":"Valores de la Quality Sense Conf 2024 - Abstracta","og_description":"\u00bfTe gustar\u00eda conocer los principios y valores\u00a0fundamentales que gu\u00edan la Quality Sense Conf? Te lo contamos todo en este art\u00edculo, con el fin de crear un ambiente seguro y acogedor tanto para speakers y sponsors como asistentes.","og_url":"https:\/\/es.abstracta.us\/blog\/valores-pilares-quality-sense-conf\/","og_site_name":"Blog de Desarrollo de Software, Testing e Inteligencia Artificial | Abstracta","article_publisher":"https:\/\/www.facebook.com\/AbstractaChile\/","article_published_time":"2024-04-15T19:40:10+00:00","article_modified_time":"2024-06-19T14:55:10+00:00","og_image":[{"width":1024,"height":576,"url":"https:\/\/es.abstracta.us\/wp-content\/uploads\/2024\/04\/valores-pilares-quality-sense-conf-2-1024x576.png","type":"image\/png"}],"author":"Federico Toledo, Chief Quality Officer en Abstracta","twitter_card":"summary_large_image","twitter_creator":"@fltoledo","twitter_site":"@AbstractaChile","twitter_misc":{"Written by":"Federico Toledo, Chief Quality Officer en Abstracta","Est. reading time":"4 minutos"},"schema":{"@context":"https:\/\/schema.org","@graph":[{"@type":"Article","@id":"https:\/\/es.abstracta.us\/blog\/valores-pilares-quality-sense-conf\/#article","isPartOf":{"@id":"https:\/\/es.abstracta.us\/blog\/valores-pilares-quality-sense-conf\/"},"author":{"name":"Federico Toledo, Chief Quality Officer en Abstracta","@id":"https:\/\/es.abstracta.us\/blog\/#\/schema\/person\/394e6ba8f90dc5b3c2bd05887419a4af"},"headline":"Valores de la Quality Sense Conf 2024","datePublished":"2024-04-15T19:40:10+00:00","dateModified":"2024-06-19T14:55:10+00:00","mainEntityOfPage":{"@id":"https:\/\/es.abstracta.us\/blog\/valores-pilares-quality-sense-conf\/"},"wordCount":839,"commentCount":0,"publisher":{"@id":"https:\/\/es.abstracta.us\/blog\/#organization"},"keywords":["Cultura humanista","Eventos","Quality Sense Conf"],"articleSection":["Cultura","Eventos"],"inLanguage":"es-CL","potentialAction":[{"@type":"CommentAction","name":"Comment","target":["https:\/\/es.abstracta.us\/blog\/valores-pilares-quality-sense-conf\/#respond"]}]},{"@type":"WebPage","@id":"https:\/\/es.abstracta.us\/blog\/valores-pilares-quality-sense-conf\/","url":"https:\/\/es.abstracta.us\/blog\/valores-pilares-quality-sense-conf\/","name":"Valores de la Quality Sense Conf 2024 - Abstracta","isPartOf":{"@id":"https:\/\/es.abstracta.us\/blog\/#website"},"datePublished":"2024-04-15T19:40:10+00:00","dateModified":"2024-06-19T14:55:10+00:00","description":"\u00bfTe gustar\u00eda conocer los principios y valores\u00a0fundamentales que gu\u00edan la Quality Sense Conf? Te lo contamos todo en este art\u00edculo, con el fin de crear un ambiente seguro y acogedor tanto para speakers y sponsors como asistentes.","breadcrumb":{"@id":"https:\/\/es.abstracta.us\/blog\/valores-pilares-quality-sense-conf\/#breadcrumb"},"inLanguage":"es-CL","potentialAction":[{"@type":"ReadAction","target":["https:\/\/es.abstracta.us\/blog\/valores-pilares-quality-sense-conf\/"]}]},{"@type":"BreadcrumbList","@id":"https:\/\/es.abstracta.us\/blog\/valores-pilares-quality-sense-conf\/#breadcrumb","itemListElement":[{"@type":"ListItem","position":1,"name":"Home","item":"https:\/\/es.abstracta.us\/blog\/"},{"@type":"ListItem","position":2,"name":"Valores de la Quality Sense Conf 2024"}]},{"@type":"WebSite","@id":"https:\/\/es.abstracta.us\/blog\/#website","url":"https:\/\/es.abstracta.us\/blog\/","name":"Abstracta","description":"Recursos, buenas pr\u00e1cticas, tendencias y rese\u00f1as de herramientas de desarrollo de software, testing e Inteligencia Artificial.","publisher":{"@id":"https:\/\/es.abstracta.us\/blog\/#organization"},"potentialAction":[{"@type":"SearchAction","target":{"@type":"EntryPoint","urlTemplate":"https:\/\/es.abstracta.us\/blog\/?s={search_term_string}"},"query-input":"required name=search_term_string"}],"inLanguage":"es-CL"},{"@type":"Organization","@id":"https:\/\/es.abstracta.us\/blog\/#organization","name":"Abstracta","url":"https:\/\/es.abstracta.us\/blog\/","logo":{"@type":"ImageObject","inLanguage":"es-CL","@id":"https:\/\/es.abstracta.us\/blog\/#\/schema\/logo\/image\/","url":"https:\/\/es.abstracta.us\/wp-content\/uploads\/2024\/03\/abstracta-logo.png","contentUrl":"https:\/\/es.abstracta.us\/wp-content\/uploads\/2024\/03\/abstracta-logo.png","width":1217,"height":300,"caption":"Abstracta"},"image":{"@id":"https:\/\/es.abstracta.us\/blog\/#\/schema\/logo\/image\/"},"sameAs":["https:\/\/www.instagram.com\/we_are_abstracta\/","https:\/\/www.linkedin.com\/showcase\/abstracta-chile\/","https:\/\/www.youtube.com\/channel\/UCj4dx2LZCRcgM8GzxYEKYeQ","https:\/\/www.facebook.com\/AbstractaChile\/","https:\/\/twitter.com\/AbstractaChile"]},{"@type":"Person","@id":"https:\/\/es.abstracta.us\/blog\/#\/schema\/person\/394e6ba8f90dc5b3c2bd05887419a4af","name":"Federico Toledo, Chief Quality Officer en Abstracta","image":{"@type":"ImageObject","inLanguage":"es-CL","@id":"https:\/\/es.abstracta.us\/blog\/#\/schema\/person\/image\/","url":"https:\/\/secure.gravatar.com\/avatar\/5a791bcef3d344e8a3a4e95c143fa27c?s=96&d=mm&r=g","contentUrl":"https:\/\/secure.gravatar.com\/avatar\/5a791bcef3d344e8a3a4e95c143fa27c?s=96&d=mm&r=g","caption":"Federico Toledo, Chief Quality Officer en Abstracta"},"description":"Chief Quality Officer en Abstracta","sameAs":["http:\/\/cl.abstracta.us","https:\/\/www.linkedin.com\/in\/federicotoledo\/","https:\/\/twitter.com\/fltoledo"],"url":"https:\/\/es.abstracta.us\/blog\/author\/federico-toledo\/"}]}},"jetpack_featured_media_url":"https:\/\/es.abstracta.us\/wp-content\/uploads\/2024\/04\/valores-pilares-quality-sense-conf-2.png","_links":{"self":[{"href":"https:\/\/es.abstracta.us\/blog\/wp-json\/wp\/v2\/posts\/17390"}],"collection":[{"href":"https:\/\/es.abstracta.us\/blog\/wp-json\/wp\/v2\/posts"}],"about":[{"href":"https:\/\/es.abstracta.us\/blog\/wp-json\/wp\/v2\/types\/post"}],"author":[{"embeddable":true,"href":"https:\/\/es.abstracta.us\/blog\/wp-json\/wp\/v2\/users\/9"}],"replies":[{"embeddable":true,"href":"https:\/\/es.abstracta.us\/blog\/wp-json\/wp\/v2\/comments?post=17390"}],"version-history":[{"count":9,"href":"https:\/\/es.abstracta.us\/blog\/wp-json\/wp\/v2\/posts\/17390\/revisions"}],"predecessor-version":[{"id":18239,"href":"https:\/\/es.abstracta.us\/blog\/wp-json\/wp\/v2\/posts\/17390\/revisions\/18239"}],"wp:featuredmedia":[{"embeddable":true,"href":"https:\/\/es.abstracta.us\/blog\/wp-json\/wp\/v2\/media\/17515"}],"wp:attachment":[{"href":"https:\/\/es.abstracta.us\/blog\/wp-json\/wp\/v2\/media?parent=17390"}],"wp:term":[{"taxonomy":"category","embeddable":true,"href":"https:\/\/es.abstracta.us\/blog\/wp-json\/wp\/v2\/categories?post=17390"},{"taxonomy":"post_tag","embeddable":true,"href":"https:\/\/es.abstracta.us\/blog\/wp-json\/wp\/v2\/tags?post=17390"}],"curies":[{"name":"wp","href":"https:\/\/api.w.org\/{rel}","templated":true}]}}