{"id":16380,"date":"2023-09-12T08:51:17","date_gmt":"2023-09-12T11:51:17","guid":{"rendered":"https:\/\/cl.abstracta.us\/blog\/?p=16380"},"modified":"2024-04-15T22:01:31","modified_gmt":"2024-04-16T02:01:31","slug":"nuevo-partner-us-country-manager-abstracta","status":"publish","type":"post","link":"https:\/\/es.abstracta.us\/blog\/nuevo-partner-us-country-manager-abstracta\/","title":{"rendered":"Nuevo Partner &#038; US Country Manager en Abstracta"},"content":{"rendered":"\n<p>Nos complace anunciar que Darrel Farris\u00a0se une a nuestro equipo. Esta alianza nos ayudar\u00e1 a seguir expandiendo nuestro posicionamiento y propuesta de valor en Estados Unidos, y continuar creciendo globalmente.<\/p>\n\n\n\n<figure class=\"wp-block-image size-large\"><img loading=\"lazy\" decoding=\"async\" width=\"1024\" height=\"683\" src=\"https:\/\/cl.abstracta.us\/wp-content\/uploads\/2023\/09\/Darrel-Farris-Nuevo-Partner-US-Country-Manager-Abstracta-2-1024x683.jpg\" alt=\"Darrel Farris - Nuevo Partner &amp; US Country Manager - Abstracta\" class=\"wp-image-16616\" srcset=\"https:\/\/es.abstracta.us\/wp-content\/uploads\/2023\/09\/Darrel-Farris-Nuevo-Partner-US-Country-Manager-Abstracta-2-1024x683.jpg 1024w, https:\/\/es.abstracta.us\/wp-content\/uploads\/2023\/09\/Darrel-Farris-Nuevo-Partner-US-Country-Manager-Abstracta-2-300x200.jpg 300w, https:\/\/es.abstracta.us\/wp-content\/uploads\/2023\/09\/Darrel-Farris-Nuevo-Partner-US-Country-Manager-Abstracta-2-768x512.jpg 768w, https:\/\/es.abstracta.us\/wp-content\/uploads\/2023\/09\/Darrel-Farris-Nuevo-Partner-US-Country-Manager-Abstracta-2-1536x1024.jpg 1536w, https:\/\/es.abstracta.us\/wp-content\/uploads\/2023\/09\/Darrel-Farris-Nuevo-Partner-US-Country-Manager-Abstracta-2-2048x1365.jpg 2048w, https:\/\/es.abstracta.us\/wp-content\/uploads\/2023\/09\/Darrel-Farris-Nuevo-Partner-US-Country-Manager-Abstracta-2-18x12.jpg 18w\" sizes=\"(max-width: 1024px) 100vw, 1024px\" \/><figcaption class=\"wp-element-caption\"><em>Darrel en Quality Sense Conf Chile 2023, impartiendo la charla &#8220;Fuera de alcance: Por qu\u00e9 fallan las transformaciones de ingenier\u00eda de calidad&#8221;.<\/em><\/figcaption><\/figure>\n\n\n\n<p id=\"e913\"><strong>En Abstracta, nos emociona compartir una noticia que marca un hito en nuestra historia: la incorporaci\u00f3n de Darrel Farris, antes Field CTO en mabl, como Partner &amp; US Country Manager.<\/strong><\/p>\n\n\n\n<p id=\"a6f8\">Los aportes de Darrel ser\u00e1n clave para llevar nuestra experiencia en Uruguay y en diferentes pa\u00edses de Am\u00e9rica Latina a Estados Unidos, seguir expandiendo nuestro equipo local, y elevar nuestra presencia a un nuevo nivel, mientras generamos nuevos aprendizajes. Queremos extender todo lo que hemos generado en Uruguay y Chile hasta hoy para lograr un mayor impacto.<\/p>\n\n\n\n<p id=\"7ca2\"><strong>Nuestro Plan de Internacionalizaci\u00f3n a Estados Unidos, liderado por Sof\u00eda Palamarchuk, comenz\u00f3 en 2014<\/strong>, con apoyo econ\u00f3mico de la Agencia Nacional de Investigaci\u00f3n e Innovaci\u00f3n (ANII) de Uruguay. Con el tiempo, logramos un crecimiento imponente y hoy podemos decir que entre el 60% y 70% de nuestros clientes cuenta con sedes en USA.<\/p>\n\n\n\n<p id=\"e5f4\"><strong>Durante los \u00faltimos a\u00f1os, la industria tecnol\u00f3gica se vio afectada por m\u00faltiples sucesos de impacto global, y con esta nueva alianza podremos ampliar nuestra estrategia en pos de seguir creciendo en Estados Unidos.<\/strong><\/p>\n\n\n\n<p id=\"2e6e\">Por todo ello, estamos felices de anunciar que a partir de septiembre tendremos un&nbsp;<strong>nuevo partner local, Darrel, con quien trabajaremos para construir la Abstracta con la que so\u00f1amos.<\/strong><\/p>\n\n\n\n<h2 class=\"wp-block-heading\" id=\"3353\"><strong>Nuestra relaci\u00f3n con Darrel<\/strong><\/h2>\n\n\n<div class=\"wp-block-image\">\n<figure class=\"aligncenter\"><img decoding=\"async\" src=\"https:\/\/miro.medium.com\/v2\/resize:fit:630\/0*WTgN4kwIRqjL-dwE\" alt=\"Dando la bienvenida a Darrel y su esposo Kevin en Ciudad Vieja en Montevideo, cuando visitaron Uruguay en 2022.\"\/><figcaption class=\"wp-element-caption\"><em>Dando la bienvenida a Darrel y su esposo Kevin en Ciudad Vieja en Montevideo, cuando visitaron Uruguay en 2022.<\/em><\/figcaption><\/figure><\/div>\n\n\n<p>En esta oportunidad, compartimos gratos momentos. Darrel pudo conocer nuestras oficinas uruguayas y conectarse con nuestro equipo y cultura de manera muy estrecha.<\/p>\n\n\n\n<blockquote class=\"wp-block-quote is-layout-flow wp-block-quote-is-layout-flow\">\n<p id=\"03cd\"><strong>\u201cEn Darrel descubrimos a alguien con qui\u00e9n compartimos valores y visiones, formas de trabajar y perspectivas en com\u00fan\u201d, expres\u00f3&nbsp;<\/strong><a href=\"https:\/\/www.linkedin.com\/in\/vera-babat\/\" rel=\"noreferrer noopener\" target=\"_blank\"><strong>Vera Babat<\/strong><\/a><strong>, Chief Culture Officer de Abstracta.<\/strong><\/p>\n<\/blockquote>\n\n\n\n<p id=\"41a9\"><strong>\u201cEs una persona comprometida que complementa y enriquece a nuestro equipo. Esto nos lleva a dar este paso con gran tranquilidad y entusiasmo\u201d, enfatiz\u00f3.<\/strong><\/p>\n\n\n\n<h2 class=\"wp-block-heading\"><strong>\u00bfQui\u00e9n es Darrel Farris?<\/strong><\/h2>\n\n\n\n<p id=\"ace7\">Con&nbsp;<strong>casi 30 a\u00f1os de experiencia en la industria tecnol\u00f3gica<\/strong>, se ha desempe\u00f1ado profesionalmente en m\u00faltiples empresas que le han permitido tener una perspectiva cabal y global de la industria. Ex Field CTO de mabl, cuenta con vastos conocimientos en testing de software, y ha trabajado estrechamente con numerosas organizaciones empresariales para fomentar culturas de calidad y obtener mayores rendimientos en sus inversiones.<\/p>\n\n\n\n<p id=\"f2b2\">Darrel&nbsp;<strong>es un&nbsp;<em>thought leader<\/em>&nbsp;<\/strong>que cuenta con una vasta experiencia y red de contactos con empresas y referentes de la industria. Su capacidad de comprensi\u00f3n cabal de los desaf\u00edos t\u00e9cnicos, as\u00ed como de gesti\u00f3n y generaci\u00f3n de v\u00ednculos estrechos, es muy valiosa.<\/p>\n\n\n\n<p id=\"daed\">Admiramos su capacidad creativa, su energ\u00eda, amabilidad, y sus grandes habilidades comunicativas. Confiamos que esa combinaci\u00f3n ser\u00e1 crucial para liderar esta nueva etapa de Abstracta en USA.<\/p>\n\n\n\n<p id=\"14ed\"><a href=\"https:\/\/www.linkedin.com\/in\/darrelfarris\/\" target=\"_blank\" rel=\"noreferrer noopener\">Darrel<\/a> es un creador de puentes y promueve con mucha naturalidad la interculturalidad. Originariamente de Nueva Orleans, vivi\u00f3 en varios lugares, entre ellos M\u00e9xico, ya que le interesa la cultura latinoamericana. Actualmente, reside con su esposo en Tulsa, Oklahoma.<\/p>\n\n\n\n<p id=\"5331\">Curiosamente, la primera inquietud de Darrel y su esposo Kevin sobre Uruguay surgi\u00f3 al conocer los vanguardistas avances sociales del pa\u00eds. Sus investigaciones les mostraron una naci\u00f3n profundamente comprometida con el cambio progresista, y se gest\u00f3 en ellos el sue\u00f1o de alg\u00fan d\u00eda visitar Uruguay.<\/p>\n\n\n\n<h2 class=\"wp-block-heading\"><strong>En 1era persona<\/strong><\/h2>\n\n\n<div class=\"wp-block-image\">\n<figure class=\"aligncenter\"><img decoding=\"async\" src=\"https:\/\/miro.medium.com\/v2\/resize:fit:630\/0*x-u9xoJ0DJZkQ6hb\" alt=\"Darrel con Federico Toledo en Columbus, Ohio.\"\/><figcaption class=\"wp-element-caption\"><em>Darrel con Federico Toledo en Columbus, Ohio.<\/em><\/figcaption><\/figure><\/div>\n\n\n<h3 class=\"wp-block-heading\"><strong><em>&#8211; Darrel, con tu amplia experiencia en la industria tecnol\u00f3gica, \u00bfqu\u00e9 te motiv\u00f3 a unirte a Abstracta?<\/em><\/strong><\/h3>\n\n\n\n<p id=\"d79d\">Gran parte de mi carrera en tecnolog\u00eda la dediqu\u00e9 a&nbsp;<em>pipelines<\/em>&nbsp;de lanzamiento y calidad del software, por lo que, sin dudas, hay una afinidad natural. Sin embargo, la verdadera inspiraci\u00f3n que me ha reunido con Abstracta es quienes forman parte de la empresa.<\/p>\n\n\n\n<p id=\"fafa\">A algunas personas del equipo las conoc\u00ed cuando establecimos la asociaci\u00f3n con mabl. M\u00e1s adelante, estuve trabajando en las oficinas de Abstracta en Montevideo por una semana, cuando particip\u00e9 en la Quality Sense 2022, y esto me brind\u00f3 la oportunidad de realmente de ver al equipo en movimiento y colaborando.<\/p>\n\n\n\n<p id=\"c69e\">Esa semana, tuve much\u00edsimas conversaciones breves, pero significativas, lecciones de historia, y percepciones culturales que me dejaron una impresi\u00f3n profunda no solo en m\u00ed, sino tambi\u00e9n en mi esposo.<\/p>\n\n\n\n<h3 class=\"wp-block-heading\" id=\"a157\"><strong><em>&#8211; Habiendo conocido la cultura y valores de Uruguay a trav\u00e9s de Abstracta, \u00bfc\u00f3mo ves que estos valores coinciden con los tuyos?<\/em><\/strong><\/h3>\n\n\n\n<p id=\"e278\">En realidad, supe de Uruguay por primera vez cuando se convirti\u00f3 en el primer pa\u00eds de Am\u00e9rica Latina en aprobar una ley de uniones civiles y luego legalizar el matrimonio gay a nivel nacional, antes que EE.UU. Eso me gener\u00f3 una muy buena primera impresi\u00f3n.<\/p>\n\n\n\n<p id=\"86bb\">Valoro especialmente el enfoque de Abstracta en el cuidado de las personas y la cultura. Una de mis m\u00e1ximas es que muchas veces pasamos m\u00e1s tiempo con nuestros colegas que con nuestras amistades y familia, por lo cual ese tiempo tiene que valer la pena. Es importante equilibrar el trabajo duro y el crecimiento con momentos de diversi\u00f3n.<\/p>\n\n\n\n<p id=\"fc5b\">Parte del manifiesto de Abstracta dice: \u201cSabemos que para lograr los resultados deseados, nuestras acciones necesitan estar en sinton\u00eda con nuestro pensar y sentir\u201d. Es justamente de esa manera como yo navego la vida.<\/p>\n\n\n\n<h3 class=\"wp-block-heading\" id=\"be41\"><strong><em>&#8211; Mirando hacia el futuro, \u00bfqu\u00e9 es lo que m\u00e1s te entusiasma del camino de Abstracta en Estados Unidos, y c\u00f3mo te ves aportando a esa visi\u00f3n?<\/em><\/strong><\/h3>\n\n\n\n<p id=\"d0b5\">\u00a1Hay tanto por lo que entusiasmarse! Me entusiasma la idea de formar un equipo en Estados Unidos que encarne el mismo esp\u00edritu, valores y principios que he vivido con el equipo uruguayo.<\/p>\n\n\n\n<p id=\"f9ae\">Me inspira ayudar a las empresas a desarrollar enfoques m\u00e1s hol\u00edsticos y efectivos en ingenier\u00eda de calidad, y entregar maravillosas experiencias digitales. Me motiva mucho tambi\u00e9n seguir desarrollando la asociaci\u00f3n con mabl.<\/p>\n\n\n\n<p id=\"85fb\">Muy especialmente, me ilusiona hacer todo esto con el apoyo y la gu\u00eda del equipo de Abstracta, as\u00ed como poder compartir mi conocimiento y experiencia para que sigamos avanzando de manera conjunta.<\/p>\n\n\n\n<h2 class=\"wp-block-heading\" id=\"5e10\"><strong>Nuestro compromiso y visi\u00f3n compartida<\/strong><\/h2>\n\n\n<div class=\"wp-block-image\">\n<figure class=\"aligncenter size-large\"><img loading=\"lazy\" decoding=\"async\" width=\"1024\" height=\"683\" src=\"https:\/\/cl.abstracta.us\/wp-content\/uploads\/2023\/12\/Darrel-Farris-Nuevo-Partner-US-Country-Manager-Abstracta-v2-1024x683.jpg\" alt=\"\" class=\"wp-image-16619\" srcset=\"https:\/\/es.abstracta.us\/wp-content\/uploads\/2023\/12\/Darrel-Farris-Nuevo-Partner-US-Country-Manager-Abstracta-v2-1024x683.jpg 1024w, https:\/\/es.abstracta.us\/wp-content\/uploads\/2023\/12\/Darrel-Farris-Nuevo-Partner-US-Country-Manager-Abstracta-v2-300x200.jpg 300w, https:\/\/es.abstracta.us\/wp-content\/uploads\/2023\/12\/Darrel-Farris-Nuevo-Partner-US-Country-Manager-Abstracta-v2-768x512.jpg 768w, https:\/\/es.abstracta.us\/wp-content\/uploads\/2023\/12\/Darrel-Farris-Nuevo-Partner-US-Country-Manager-Abstracta-v2-1536x1024.jpg 1536w, https:\/\/es.abstracta.us\/wp-content\/uploads\/2023\/12\/Darrel-Farris-Nuevo-Partner-US-Country-Manager-Abstracta-v2-2048x1365.jpg 2048w, https:\/\/es.abstracta.us\/wp-content\/uploads\/2023\/12\/Darrel-Farris-Nuevo-Partner-US-Country-Manager-Abstracta-v2-18x12.jpg 18w\" sizes=\"(max-width: 1024px) 100vw, 1024px\" \/><figcaption class=\"wp-element-caption\">Darrel junto al equipo de Abstracta en Quality Sense Conf Chile 2023<\/figcaption><\/figure><\/div>\n\n\n<p>Darrel valora nuestra cultura, nuestro compromiso con la calidad y enfoque en las personas. Como ya es sabido, en Abstracta nos importa lograr nuestros objetivos comerciales, pero m\u00e1s a\u00fan c\u00f3mo llegamos a ellos, y el impacto que generamos en nuestro entorno y comunidades.<\/p>\n\n\n\n<p id=\"9713\">\u201cEs una persona admirable en muchos aspectos. Por un lado, es de esas personas que le caen bien a todo el mundo. Por otro, demuestra solvencia t\u00e9cnica, sabe de lo que habla y lo hace con humildad. Al mismo tiempo,&nbsp;<strong>tiene actitud de liderazgo, se preocupa por el bienestar y crecimiento de cada una de las personas con las cuales colabora<\/strong>\u201d, destac\u00f3<strong>&nbsp;Federico Toledo<\/strong>, Chief Quality Officer de Abstracta.<\/p>\n\n\n\n<p id=\"7576\"><strong>Nuestro partner tambi\u00e9n tiene un fuerte compromiso con la calidad y las personas, y filosof\u00eda humanista.&nbsp;<\/strong>Esta alineaci\u00f3n nos llena de alegr\u00eda y nos honra, ya que refleja una visi\u00f3n compartida.<\/p>\n\n\n\n<p id=\"785d\"><strong>Sabemos que vamos a aprender much\u00edsimo de esta nueva experiencia y que en Darrel tendremos un aliado clave para la siguiente etapa de Abstracta en USA. Su inclusi\u00f3n en el equipo representa m\u00e1s que un nuevo socio en USA; es parte de nuestro sue\u00f1o y nuestra estrategia cuidadosamente planificada.<\/strong><\/p>\n\n\n\n<p id=\"293e\">Esta noticia nos emociona y nos llena de esperanza para el futuro. Sentimos un gran agradecimiento por haber encontrado una persona tan alineada con nuestra forma de hacer las cosas y con tanta confianza e ilusi\u00f3n en lo que puede aportar Abstracta en la industria y la sociedad.<\/p>\n\n\n\n\n\n<p><strong>\u00a1S\u00edguenos en\u00a0<a href=\"https:\/\/bit.ly\/LinkedIn-Abstracta-Chile\" target=\"_blank\" rel=\"noreferrer noopener\">LinkedIn<\/a>,\u00a0<a href=\"https:\/\/bit.ly\/TW-Abstracta-Chile\" target=\"_blank\" rel=\"noreferrer noopener\">Twitter<\/a>,\u00a0<a href=\"https:\/\/bit.ly\/FB-Abstracta-Chile\" target=\"_blank\" rel=\"noreferrer noopener\">Facebook<\/a>,\u00a0<a href=\"https:\/\/bit.ly\/Instagram-Abstracta-Latam\" target=\"_blank\" rel=\"noreferrer noopener\">Instagram<\/a>\u00a0y\u00a0<a href=\"https:\/\/bit.ly\/YT-Abstracta\" target=\"_blank\" rel=\"noreferrer noopener\">YouTube<\/a>\u00a0para conocer m\u00e1s sobre nuestra cultura y ser parte de nuestra comunidad!<\/strong><\/p>\n","protected":false},"excerpt":{"rendered":"<p>Nos complace anunciar que, a partir de septiembre,\u00a0Darrel Farris\u00a0se une a nuestro equipo. Esta alianza nos ayudar\u00e1 a seguir expandiendo nuestro posicionamiento y propuesta de valor en Estados Unidos, y continuar creciendo globalmente.<\/p>\n","protected":false},"author":21,"featured_media":16382,"comment_status":"open","ping_status":"open","sticky":false,"template":"","format":"standard","meta":{"footnotes":""},"categories":[6,151,209],"tags":[125],"class_list":["post-16380","post","type-post","status-publish","format-standard","has-post-thumbnail","hentry","category-cultura","category-liderazgo","category-partners","tag-cultura-humanista"],"yoast_head":"<!-- This site is optimized with the Yoast SEO plugin v19.13 - https:\/\/yoast.com\/wordpress\/plugins\/seo\/ -->\n<title>Nuevo Partner &amp; US Country Manager en Abstracta - Abstracta<\/title>\n<meta name=\"description\" content=\"Nos complace anunciar que, a partir de septiembre,\u00a0Darrel Farris\u00a0se une a nuestro equipo. Esta alianza nos ayudar\u00e1 a seguir expandiendo nuestro posicionamiento y propuesta de valor en Estados Unidos, y continuar creciendo globalmente.\" \/>\n<meta name=\"robots\" content=\"index, follow, max-snippet:-1, max-image-preview:large, max-video-preview:-1\" \/>\n<link rel=\"canonical\" href=\"https:\/\/es.abstracta.us\/blog\/nuevo-partner-us-country-manager-abstracta\/\" \/>\n<meta property=\"og:locale\" content=\"es_ES\" \/>\n<meta property=\"og:type\" content=\"article\" \/>\n<meta property=\"og:title\" content=\"Nuevo Partner &amp; US Country Manager en Abstracta - Abstracta\" \/>\n<meta property=\"og:description\" content=\"Nos complace anunciar que, a partir de septiembre,\u00a0Darrel Farris\u00a0se une a nuestro equipo. Esta alianza nos ayudar\u00e1 a seguir expandiendo nuestro posicionamiento y propuesta de valor en Estados Unidos, y continuar creciendo globalmente.\" \/>\n<meta property=\"og:url\" content=\"https:\/\/es.abstracta.us\/blog\/nuevo-partner-us-country-manager-abstracta\/\" \/>\n<meta property=\"og:site_name\" content=\"Blog de Desarrollo de Software, Testing e Inteligencia Artificial | Abstracta\" \/>\n<meta property=\"article:publisher\" content=\"https:\/\/www.facebook.com\/AbstractaChile\/\" \/>\n<meta property=\"article:published_time\" content=\"2023-09-12T11:51:17+00:00\" \/>\n<meta property=\"article:modified_time\" content=\"2024-04-16T02:01:31+00:00\" \/>\n<meta property=\"og:image\" content=\"https:\/\/es.abstracta.us\/wp-content\/uploads\/2023\/09\/Nuevo-Partner-US-Country-Manager-en-Abstracta.png\" \/>\n\t<meta property=\"og:image:width\" content=\"1920\" \/>\n\t<meta property=\"og:image:height\" content=\"1080\" \/>\n\t<meta property=\"og:image:type\" content=\"image\/png\" \/>\n<meta name=\"author\" content=\"Matias Reina, CoCEO en Abstracta\" \/>\n<meta name=\"twitter:card\" content=\"summary_large_image\" \/>\n<meta name=\"twitter:creator\" content=\"@AbstractaChile\" \/>\n<meta name=\"twitter:site\" content=\"@AbstractaChile\" \/>\n<meta name=\"twitter:label1\" content=\"Written by\" \/>\n\t<meta name=\"twitter:data1\" content=\"Matias Reina, CoCEO en Abstracta\" \/>\n\t<meta name=\"twitter:label2\" content=\"Est. reading time\" \/>\n\t<meta name=\"twitter:data2\" content=\"7 minutos\" \/>\n<script type=\"application\/ld+json\" class=\"yoast-schema-graph\">{\"@context\":\"https:\/\/schema.org\",\"@graph\":[{\"@type\":\"Article\",\"@id\":\"https:\/\/es.abstracta.us\/blog\/nuevo-partner-us-country-manager-abstracta\/#article\",\"isPartOf\":{\"@id\":\"https:\/\/es.abstracta.us\/blog\/nuevo-partner-us-country-manager-abstracta\/\"},\"author\":{\"name\":\"Matias Reina, CoCEO en Abstracta\",\"@id\":\"https:\/\/es.abstracta.us\/blog\/#\/schema\/person\/fe2e4bab70397fb0b4a07f2d8ceca3f0\"},\"headline\":\"Nuevo Partner &#038; US Country Manager en Abstracta\",\"datePublished\":\"2023-09-12T11:51:17+00:00\",\"dateModified\":\"2024-04-16T02:01:31+00:00\",\"mainEntityOfPage\":{\"@id\":\"https:\/\/es.abstracta.us\/blog\/nuevo-partner-us-country-manager-abstracta\/\"},\"wordCount\":1350,\"commentCount\":0,\"publisher\":{\"@id\":\"https:\/\/es.abstracta.us\/blog\/#organization\"},\"keywords\":[\"Cultura humanista\"],\"articleSection\":[\"Cultura\",\"Liderazgo\",\"Partners\"],\"inLanguage\":\"es-CL\",\"potentialAction\":[{\"@type\":\"CommentAction\",\"name\":\"Comment\",\"target\":[\"https:\/\/es.abstracta.us\/blog\/nuevo-partner-us-country-manager-abstracta\/#respond\"]}]},{\"@type\":\"WebPage\",\"@id\":\"https:\/\/es.abstracta.us\/blog\/nuevo-partner-us-country-manager-abstracta\/\",\"url\":\"https:\/\/es.abstracta.us\/blog\/nuevo-partner-us-country-manager-abstracta\/\",\"name\":\"Nuevo Partner & US Country Manager en Abstracta - Abstracta\",\"isPartOf\":{\"@id\":\"https:\/\/es.abstracta.us\/blog\/#website\"},\"datePublished\":\"2023-09-12T11:51:17+00:00\",\"dateModified\":\"2024-04-16T02:01:31+00:00\",\"description\":\"Nos complace anunciar que, a partir de septiembre,\u00a0Darrel Farris\u00a0se une a nuestro equipo. Esta alianza nos ayudar\u00e1 a seguir expandiendo nuestro posicionamiento y propuesta de valor en Estados Unidos, y continuar creciendo globalmente.\",\"breadcrumb\":{\"@id\":\"https:\/\/es.abstracta.us\/blog\/nuevo-partner-us-country-manager-abstracta\/#breadcrumb\"},\"inLanguage\":\"es-CL\",\"potentialAction\":[{\"@type\":\"ReadAction\",\"target\":[\"https:\/\/es.abstracta.us\/blog\/nuevo-partner-us-country-manager-abstracta\/\"]}]},{\"@type\":\"BreadcrumbList\",\"@id\":\"https:\/\/es.abstracta.us\/blog\/nuevo-partner-us-country-manager-abstracta\/#breadcrumb\",\"itemListElement\":[{\"@type\":\"ListItem\",\"position\":1,\"name\":\"Home\",\"item\":\"https:\/\/es.abstracta.us\/blog\/\"},{\"@type\":\"ListItem\",\"position\":2,\"name\":\"Nuevo Partner &#038; US Country Manager en Abstracta\"}]},{\"@type\":\"WebSite\",\"@id\":\"https:\/\/es.abstracta.us\/blog\/#website\",\"url\":\"https:\/\/es.abstracta.us\/blog\/\",\"name\":\"Abstracta\",\"description\":\"Recursos, buenas pr\u00e1cticas, tendencias y rese\u00f1as de herramientas de desarrollo de software, testing e Inteligencia Artificial.\",\"publisher\":{\"@id\":\"https:\/\/es.abstracta.us\/blog\/#organization\"},\"potentialAction\":[{\"@type\":\"SearchAction\",\"target\":{\"@type\":\"EntryPoint\",\"urlTemplate\":\"https:\/\/es.abstracta.us\/blog\/?s={search_term_string}\"},\"query-input\":\"required name=search_term_string\"}],\"inLanguage\":\"es-CL\"},{\"@type\":\"Organization\",\"@id\":\"https:\/\/es.abstracta.us\/blog\/#organization\",\"name\":\"Abstracta\",\"url\":\"https:\/\/es.abstracta.us\/blog\/\",\"logo\":{\"@type\":\"ImageObject\",\"inLanguage\":\"es-CL\",\"@id\":\"https:\/\/es.abstracta.us\/blog\/#\/schema\/logo\/image\/\",\"url\":\"https:\/\/es.abstracta.us\/wp-content\/uploads\/2024\/03\/abstracta-logo.png\",\"contentUrl\":\"https:\/\/es.abstracta.us\/wp-content\/uploads\/2024\/03\/abstracta-logo.png\",\"width\":1217,\"height\":300,\"caption\":\"Abstracta\"},\"image\":{\"@id\":\"https:\/\/es.abstracta.us\/blog\/#\/schema\/logo\/image\/\"},\"sameAs\":[\"https:\/\/www.instagram.com\/we_are_abstracta\/\",\"https:\/\/www.linkedin.com\/showcase\/abstracta-chile\/\",\"https:\/\/www.youtube.com\/channel\/UCj4dx2LZCRcgM8GzxYEKYeQ\",\"https:\/\/www.facebook.com\/AbstractaChile\/\",\"https:\/\/twitter.com\/AbstractaChile\"]},{\"@type\":\"Person\",\"@id\":\"https:\/\/es.abstracta.us\/blog\/#\/schema\/person\/fe2e4bab70397fb0b4a07f2d8ceca3f0\",\"name\":\"Matias Reina, CoCEO en Abstracta\",\"image\":{\"@type\":\"ImageObject\",\"inLanguage\":\"es-CL\",\"@id\":\"https:\/\/es.abstracta.us\/blog\/#\/schema\/person\/image\/\",\"url\":\"https:\/\/secure.gravatar.com\/avatar\/e631f3dfc7128f794190c1163b341d0a?s=96&d=mm&r=g\",\"contentUrl\":\"https:\/\/secure.gravatar.com\/avatar\/e631f3dfc7128f794190c1163b341d0a?s=96&d=mm&r=g\",\"caption\":\"Matias Reina, CoCEO en Abstracta\"},\"description\":\"CEO en Abstracta Inc.\",\"sameAs\":[\"http:\/\/cl.abstracta.us\",\"https:\/\/www.linkedin.com\/in\/matiasreina\/\"],\"url\":\"https:\/\/es.abstracta.us\/blog\/author\/matias-reina\/\"}]}<\/script>\n<!-- \/ Yoast SEO plugin. -->","yoast_head_json":{"title":"Nuevo Partner & US Country Manager en Abstracta - Abstracta","description":"Nos complace anunciar que, a partir de septiembre,\u00a0Darrel Farris\u00a0se une a nuestro equipo. Esta alianza nos ayudar\u00e1 a seguir expandiendo nuestro posicionamiento y propuesta de valor en Estados Unidos, y continuar creciendo globalmente.","robots":{"index":"index","follow":"follow","max-snippet":"max-snippet:-1","max-image-preview":"max-image-preview:large","max-video-preview":"max-video-preview:-1"},"canonical":"https:\/\/es.abstracta.us\/blog\/nuevo-partner-us-country-manager-abstracta\/","og_locale":"es_ES","og_type":"article","og_title":"Nuevo Partner & US Country Manager en Abstracta - Abstracta","og_description":"Nos complace anunciar que, a partir de septiembre,\u00a0Darrel Farris\u00a0se une a nuestro equipo. Esta alianza nos ayudar\u00e1 a seguir expandiendo nuestro posicionamiento y propuesta de valor en Estados Unidos, y continuar creciendo globalmente.","og_url":"https:\/\/es.abstracta.us\/blog\/nuevo-partner-us-country-manager-abstracta\/","og_site_name":"Blog de Desarrollo de Software, Testing e Inteligencia Artificial | Abstracta","article_publisher":"https:\/\/www.facebook.com\/AbstractaChile\/","article_published_time":"2023-09-12T11:51:17+00:00","article_modified_time":"2024-04-16T02:01:31+00:00","og_image":[{"width":1920,"height":1080,"url":"https:\/\/es.abstracta.us\/wp-content\/uploads\/2023\/09\/Nuevo-Partner-US-Country-Manager-en-Abstracta.png","type":"image\/png"}],"author":"Matias Reina, CoCEO en Abstracta","twitter_card":"summary_large_image","twitter_creator":"@AbstractaChile","twitter_site":"@AbstractaChile","twitter_misc":{"Written by":"Matias Reina, CoCEO en Abstracta","Est. reading time":"7 minutos"},"schema":{"@context":"https:\/\/schema.org","@graph":[{"@type":"Article","@id":"https:\/\/es.abstracta.us\/blog\/nuevo-partner-us-country-manager-abstracta\/#article","isPartOf":{"@id":"https:\/\/es.abstracta.us\/blog\/nuevo-partner-us-country-manager-abstracta\/"},"author":{"name":"Matias Reina, CoCEO en Abstracta","@id":"https:\/\/es.abstracta.us\/blog\/#\/schema\/person\/fe2e4bab70397fb0b4a07f2d8ceca3f0"},"headline":"Nuevo Partner &#038; US Country Manager en Abstracta","datePublished":"2023-09-12T11:51:17+00:00","dateModified":"2024-04-16T02:01:31+00:00","mainEntityOfPage":{"@id":"https:\/\/es.abstracta.us\/blog\/nuevo-partner-us-country-manager-abstracta\/"},"wordCount":1350,"commentCount":0,"publisher":{"@id":"https:\/\/es.abstracta.us\/blog\/#organization"},"keywords":["Cultura humanista"],"articleSection":["Cultura","Liderazgo","Partners"],"inLanguage":"es-CL","potentialAction":[{"@type":"CommentAction","name":"Comment","target":["https:\/\/es.abstracta.us\/blog\/nuevo-partner-us-country-manager-abstracta\/#respond"]}]},{"@type":"WebPage","@id":"https:\/\/es.abstracta.us\/blog\/nuevo-partner-us-country-manager-abstracta\/","url":"https:\/\/es.abstracta.us\/blog\/nuevo-partner-us-country-manager-abstracta\/","name":"Nuevo Partner & US Country Manager en Abstracta - Abstracta","isPartOf":{"@id":"https:\/\/es.abstracta.us\/blog\/#website"},"datePublished":"2023-09-12T11:51:17+00:00","dateModified":"2024-04-16T02:01:31+00:00","description":"Nos complace anunciar que, a partir de septiembre,\u00a0Darrel Farris\u00a0se une a nuestro equipo. Esta alianza nos ayudar\u00e1 a seguir expandiendo nuestro posicionamiento y propuesta de valor en Estados Unidos, y continuar creciendo globalmente.","breadcrumb":{"@id":"https:\/\/es.abstracta.us\/blog\/nuevo-partner-us-country-manager-abstracta\/#breadcrumb"},"inLanguage":"es-CL","potentialAction":[{"@type":"ReadAction","target":["https:\/\/es.abstracta.us\/blog\/nuevo-partner-us-country-manager-abstracta\/"]}]},{"@type":"BreadcrumbList","@id":"https:\/\/es.abstracta.us\/blog\/nuevo-partner-us-country-manager-abstracta\/#breadcrumb","itemListElement":[{"@type":"ListItem","position":1,"name":"Home","item":"https:\/\/es.abstracta.us\/blog\/"},{"@type":"ListItem","position":2,"name":"Nuevo Partner &#038; US Country Manager en Abstracta"}]},{"@type":"WebSite","@id":"https:\/\/es.abstracta.us\/blog\/#website","url":"https:\/\/es.abstracta.us\/blog\/","name":"Abstracta","description":"Recursos, buenas pr\u00e1cticas, tendencias y rese\u00f1as de herramientas de desarrollo de software, testing e Inteligencia Artificial.","publisher":{"@id":"https:\/\/es.abstracta.us\/blog\/#organization"},"potentialAction":[{"@type":"SearchAction","target":{"@type":"EntryPoint","urlTemplate":"https:\/\/es.abstracta.us\/blog\/?s={search_term_string}"},"query-input":"required name=search_term_string"}],"inLanguage":"es-CL"},{"@type":"Organization","@id":"https:\/\/es.abstracta.us\/blog\/#organization","name":"Abstracta","url":"https:\/\/es.abstracta.us\/blog\/","logo":{"@type":"ImageObject","inLanguage":"es-CL","@id":"https:\/\/es.abstracta.us\/blog\/#\/schema\/logo\/image\/","url":"https:\/\/es.abstracta.us\/wp-content\/uploads\/2024\/03\/abstracta-logo.png","contentUrl":"https:\/\/es.abstracta.us\/wp-content\/uploads\/2024\/03\/abstracta-logo.png","width":1217,"height":300,"caption":"Abstracta"},"image":{"@id":"https:\/\/es.abstracta.us\/blog\/#\/schema\/logo\/image\/"},"sameAs":["https:\/\/www.instagram.com\/we_are_abstracta\/","https:\/\/www.linkedin.com\/showcase\/abstracta-chile\/","https:\/\/www.youtube.com\/channel\/UCj4dx2LZCRcgM8GzxYEKYeQ","https:\/\/www.facebook.com\/AbstractaChile\/","https:\/\/twitter.com\/AbstractaChile"]},{"@type":"Person","@id":"https:\/\/es.abstracta.us\/blog\/#\/schema\/person\/fe2e4bab70397fb0b4a07f2d8ceca3f0","name":"Matias Reina, CoCEO en Abstracta","image":{"@type":"ImageObject","inLanguage":"es-CL","@id":"https:\/\/es.abstracta.us\/blog\/#\/schema\/person\/image\/","url":"https:\/\/secure.gravatar.com\/avatar\/e631f3dfc7128f794190c1163b341d0a?s=96&d=mm&r=g","contentUrl":"https:\/\/secure.gravatar.com\/avatar\/e631f3dfc7128f794190c1163b341d0a?s=96&d=mm&r=g","caption":"Matias Reina, CoCEO en Abstracta"},"description":"CEO en Abstracta Inc.","sameAs":["http:\/\/cl.abstracta.us","https:\/\/www.linkedin.com\/in\/matiasreina\/"],"url":"https:\/\/es.abstracta.us\/blog\/author\/matias-reina\/"}]}},"jetpack_featured_media_url":"https:\/\/es.abstracta.us\/wp-content\/uploads\/2023\/09\/Nuevo-Partner-US-Country-Manager-en-Abstracta.png","_links":{"self":[{"href":"https:\/\/es.abstracta.us\/blog\/wp-json\/wp\/v2\/posts\/16380"}],"collection":[{"href":"https:\/\/es.abstracta.us\/blog\/wp-json\/wp\/v2\/posts"}],"about":[{"href":"https:\/\/es.abstracta.us\/blog\/wp-json\/wp\/v2\/types\/post"}],"author":[{"embeddable":true,"href":"https:\/\/es.abstracta.us\/blog\/wp-json\/wp\/v2\/users\/21"}],"replies":[{"embeddable":true,"href":"https:\/\/es.abstracta.us\/blog\/wp-json\/wp\/v2\/comments?post=16380"}],"version-history":[{"count":10,"href":"https:\/\/es.abstracta.us\/blog\/wp-json\/wp\/v2\/posts\/16380\/revisions"}],"predecessor-version":[{"id":17456,"href":"https:\/\/es.abstracta.us\/blog\/wp-json\/wp\/v2\/posts\/16380\/revisions\/17456"}],"wp:featuredmedia":[{"embeddable":true,"href":"https:\/\/es.abstracta.us\/blog\/wp-json\/wp\/v2\/media\/16382"}],"wp:attachment":[{"href":"https:\/\/es.abstracta.us\/blog\/wp-json\/wp\/v2\/media?parent=16380"}],"wp:term":[{"taxonomy":"category","embeddable":true,"href":"https:\/\/es.abstracta.us\/blog\/wp-json\/wp\/v2\/categories?post=16380"},{"taxonomy":"post_tag","embeddable":true,"href":"https:\/\/es.abstracta.us\/blog\/wp-json\/wp\/v2\/tags?post=16380"}],"curies":[{"name":"wp","href":"https:\/\/api.w.org\/{rel}","templated":true}]}}